{"id":53666,"date":"2016-09-16T08:32:44","date_gmt":"2016-09-16T11:32:44","guid":{"rendered":"http:\/\/argentinamunicipal.com.ar\/argentina\/?p=53666"},"modified":"2016-09-16T08:32:44","modified_gmt":"2016-09-16T11:32:44","slug":"grieta-la-inflacion-ahora-frigerio-cruzo-sturzenegger","status":"publish","type":"post","link":"http:\/\/argentinamunicipal.com.ar\/argentina\/grieta-la-inflacion-ahora-frigerio-cruzo-sturzenegger\/","title":{"rendered":"Grieta por la inflaci\u00f3n: ahora Frigerio cruz\u00f3 a Sturzenegger"},"content":{"rendered":"<p>El ministro del Interior asegur\u00f3 que el \u00edndice de precios \u00abno es alt\u00edsimo\u00bb, como lo hab\u00eda asegurado el presidente del Banco Central.<\/p>\n<p>El ministro de Interior, Rogelio Frigerio, asegur\u00f3 ayer que \u00abla inflaci\u00f3n en la Argentina no es alt\u00edsima\u00bb y as\u00ed se sum\u00f3 a las voces del gobierno nacional que discrepan con el jefe del Banco Central, Federico Sturzenegger, respecto de la evoluci\u00f3n de los precios.<\/p>\n<p>El debate en torno a la inflaci\u00f3n enfrent\u00f3 primero al ministro de Hacienda, Alfonso Prat Gay con Sturzenegger, pero luego se agreg\u00f3 el vicejefe de Gabinete, Gustavo Lopetegui, y ahora el ministro de Interior.<\/p>\n<p>Para el jefe del Central, seg\u00fan lo advirti\u00f3 en el Foro de Inversi\u00f3n y Negocios de Argentina realizado en el Centro Cultural Kirchner, la inflaci\u00f3n es a\u00fan \u00abalt\u00edsima\u00bb y por eso es necesario mantener la pol\u00edtica monetaria de altas tasas de inter\u00e9s, que como contrapartida impide el despegue de la actividad econ\u00f3mica y plancha el consumo.<\/p>\n<p>En la senda opuesta, a fines de agosto, el jefe del Palacio de Hacienda lleg\u00f3 a decir que la inflaci\u00f3n \u00abya no es un tema, cuando hace dos meses era la \u00fanica preocupaci\u00f3n\u00bb.<\/p>\n<p>Sturzenegger lo replic\u00f3: \u00abA pesar de este \u00e9xito temprano, el Banco Central considera que no est\u00e1n dadas las condiciones para un relajamiento de la pol\u00edtica monetaria\u00bb.<\/p>\n<p>A tal punto lleg\u00f3 el debate interno que el presidente Mauricio Macri intent\u00f3 bajarle el tono a la disputa: \u00abEst\u00e1n bien los dos, es sano que haya matices en las opiniones, son dos personas muy valiosas, inteligentes, capaces y que est\u00e1n haciendo su trabajo muy bien\u00bb.<\/p>\n<p>En ese mismo sentido y en abierta discrepancia con Sturzenegger, Frigerio sostuvo que \u00aben relaci\u00f3n a lo que ven\u00eda pasando en los \u00faltimos diez a\u00f1os, la inflaci\u00f3n en la Argentina no es alt\u00edsima\u00bb.<\/p>\n<p>No obstante, el funcionario admiti\u00f3 que la suba de precios podr\u00eda ser elevada en comparaci\u00f3n con lo que \u00abocurre en el resto del mundo\u00bb.<\/p>\n<p>\u00abNo estamos satisfechos con lo que hemos hecho en estos nueve meses de gesti\u00f3n, queda much\u00edsimo por hacer, pero entendemos que la tendencia declinante lleg\u00f3 para quedarse\u00bb, sostuvo Frigerio.<\/p>\n<p>Sostuvo que \u00abse est\u00e1 empezando a recuperar el poder de compra de los salarios de nuestra gente y eso nos da mucha satisfacci\u00f3n, queda mucho por hacer\u00bb.<\/p>\n<p>Tambi\u00e9n en el Foro, Lopetegui vaticin\u00f3: \u00abNuestro objetivo era terminar el a\u00f1o con 1,5 por ciento mensual y eso es lo que est\u00e1 ocurriendo y esperamos que contin\u00fae\u00bb.<\/p>\n<p><strong>Cifras.<\/strong> Seg\u00fan el Indec, la inflaci\u00f3n de agosto arroj\u00f3 un alza en el costo de vida del 0,2 por ciento y fue la m\u00e1s baja de los \u00faltimos diez a\u00f1os, tras la anulaci\u00f3n del tarifazo en las boletas de gas.<\/p>\n<p>El Indec inform\u00f3 el mi\u00e9rcoles los \u00edndices de precios mayoristas y el costo de la construcci\u00f3n, que mostraron en agosto subas muy por debajo de las de julio.<\/p>\n<p>Los precios mayoristas aumentaron 0,4 por ciento durante agosto, por debajo del 2,7 por ciento de julio, mientras que los de la construcci\u00f3n presentaron alzas del 0,5 por ciento, la mitad de la suba del mes anterior.<\/p>\n<p><strong>Piden bajar los costos laborales<\/strong><\/p>\n<p>El ministro de Producci\u00f3n, Francisco Cabrera, asegur\u00f3 que unos 40 mil millones de d\u00f3lares en fondos que llegar\u00e1n a la Argentina se consolidaron durante el Foro de Inversi\u00f3n y negocios que cerr\u00f3 ayer. En ese encuentro, el funcionario prometi\u00f3 a los empresarios bajar los costos de producci\u00f3n, fundamentalmente los laborales, para mejorar la competitividad, en lugar de cerrar las importaciones o devaluar mucho m\u00e1s de lo que ya lo hizo en diciembre.<\/p>\n<h6>Fuente:\u00a0La Capital Rosario<\/h6>\n","protected":false},"excerpt":{"rendered":"<p>El ministro del Interior asegur\u00f3 que el \u00edndice de precios \u00abno es alt\u00edsimo\u00bb, como lo hab\u00eda asegurado el presidente del Banco Central.<\/p>\n","protected":false},"author":2,"featured_media":53667,"comment_status":"closed","ping_status":"closed","sticky":false,"template":"","format":"standard","meta":{"footnotes":""},"categories":[8],"tags":[21],"class_list":["post-53666","post","type-post","status-publish","format-standard","has-post-thumbnail","hentry","category-informe-nacional","tag-argentina"],"_links":{"self":[{"href":"http:\/\/argentinamunicipal.com.ar\/argentina\/wp-json\/wp\/v2\/posts\/53666","targetHints":{"allow":["GET"]}}],"collection":[{"href":"http:\/\/argentinamunicipal.com.ar\/argentina\/wp-json\/wp\/v2\/posts"}],"about":[{"href":"http:\/\/argentinamunicipal.com.ar\/argentina\/wp-json\/wp\/v2\/types\/post"}],"author":[{"embeddable":true,"href":"http:\/\/argentinamunicipal.com.ar\/argentina\/wp-json\/wp\/v2\/users\/2"}],"replies":[{"embeddable":true,"href":"http:\/\/argentinamunicipal.com.ar\/argentina\/wp-json\/wp\/v2\/comments?post=53666"}],"version-history":[{"count":0,"href":"http:\/\/argentinamunicipal.com.ar\/argentina\/wp-json\/wp\/v2\/posts\/53666\/revisions"}],"wp:featuredmedia":[{"embeddable":true,"href":"http:\/\/argentinamunicipal.com.ar\/argentina\/wp-json\/wp\/v2\/media\/53667"}],"wp:attachment":[{"href":"http:\/\/argentinamunicipal.com.ar\/argentina\/wp-json\/wp\/v2\/media?parent=53666"}],"wp:term":[{"taxonomy":"category","embeddable":true,"href":"http:\/\/argentinamunicipal.com.ar\/argentina\/wp-json\/wp\/v2\/categories?post=53666"},{"taxonomy":"post_tag","embeddable":true,"href":"http:\/\/argentinamunicipal.com.ar\/argentina\/wp-json\/wp\/v2\/tags?post=53666"}],"curies":[{"name":"wp","href":"https:\/\/api.w.org\/{rel}","templated":true}]}}