{"id":53710,"date":"2016-09-20T08:39:30","date_gmt":"2016-09-20T11:39:30","guid":{"rendered":"http:\/\/argentinamunicipal.com.ar\/argentina\/?p=53710"},"modified":"2016-09-20T08:39:30","modified_gmt":"2016-09-20T11:39:30","slug":"se-conformara-area-metropolitana-gran-rafaela","status":"publish","type":"post","link":"http:\/\/argentinamunicipal.com.ar\/argentina\/se-conformara-area-metropolitana-gran-rafaela\/","title":{"rendered":"Se conformar\u00e1 el \u00c1rea Metropolitana Gran Rafaela \u00a0"},"content":{"rendered":"<p>Se logr\u00f3 avanzar m\u00e1s de lo esperado en la conformaci\u00f3n de un Ente de Coordinaci\u00f3n, instancia fundamental prevista por la ley que busca una mayor integraci\u00f3n<\/p>\n<p>En el transcurso de un prolongado encuentro mantenido ayer entre los presidentes comunales de la regi\u00f3n, legisladores, y en el cual fue anfitri\u00f3n el Municipio local, se concret\u00f3 un paso fundamental en la conformaci\u00f3n del Ente de Coordinaci\u00f3n del \u00c1rea Metropolitana Gran Rafaela (ECOM Rafaela).<\/p>\n<p>El encuentro fue presidido por el intendente Luis Castellano y por el director de \u00c1reas Metropolitanas de Santa Fe, Rub\u00e9n Dar\u00edo Gres. Asistieron los mandatarios de las localidades que formar\u00e1n parte del ECOM Rafaela, y los legisladores provinciales Alcides Calvo y Omar Mart\u00ednez. Tambi\u00e9n participaron funcionarios municipales, concejales y el titular del Nodo Rafaela, Pablo Pinotti.<\/p>\n<p>Las localidades representadas en el c\u00f3nclave fueron: Ramona, Tacural, Sunchales, Garibaldi, Colonia Iturraspe, Bella Italia, Colonia Cello, Castellanos, Aurelia, Vila, San Vicente, Raquel, Lehmann, Susana, Egusquiza, Clucellas, Bauer y Sigel, Ataliva, Colonia Aldao.<\/p>\n<p>Cabe recordar que a principios de agosto se present\u00f3 en el Nodo Regi\u00f3n 2 la Ley Provincial N\u00ba 13532 de \u00c1reas Metropolitanas, que trata sobre un r\u00e9gimen general para la constituci\u00f3n de entes de coordinaci\u00f3n de dichas \u00e1reas dentro del territorio santafesino, como as\u00ed tambi\u00e9n el reconocimiento de los ya existentes.<\/p>\n<p>En aquella oportunidad, el mandatario rafaelino se comprometi\u00f3 ante los funcionarios provinciales y presidentes comunales presentes, \u00aba liderar el proceso de metropolizaci\u00f3n, junto con los concejales\u00bb.<\/p>\n<p><strong>Prioridades<\/strong><\/p>\n<p>En el caso de Rafaela y su zona de influencia, y conforme el propio Luis Castellano hab\u00eda referido en aquella primera reuni\u00f3n de agosto, se habl\u00f3 de transporte y movilidad, conexiones viales, gesti\u00f3n de residuos, aguas y saneamiento, ordenamiento territorial, salud, medio ambiente, educaci\u00f3n, cultura y seguridad.<\/p>\n<p>De acuerdo con el borrador de convenio puesto a consideraci\u00f3n, el ECOM Rafaela podr\u00e1 \u00abelaborar, coordinar y facilitar la gesti\u00f3n de programas, proyectos y emprendimientos a escala metropolitana para impulsar el desarrollo sustentable de municipios y comunas que, promoviendo y respetando la autonom\u00eda de cada municipio, contemplen resolver de manera eficaz temas trascendentes para la poblaci\u00f3n toda\u00bb.<\/p>\n<p><strong>Castellano<\/strong><\/p>\n<p>\u00abInvitamos a todas las localidades del Departamento Castellanos\u00bb, manifest\u00f3 el intendente de Rafaela al hacer uso de la palabra. \u00abPropusimos como idea comenzar con las localidades del Departamento, lo que no quita que otras localidades puedan estar tambi\u00e9n\u00bb, aclar\u00f3.<\/p>\n<p>\u00abA partir de la Ley de \u00c1reas Metropolitanas y de la problem\u00e1tica que cada uno de los municipios, comunas tenemos, es fundamental para una estrategia de crecimiento y desarrollo de la regi\u00f3n, comenzar a trabajar en forma coordinada\u00bb, ampli\u00f3 Luis Castellano.<\/p>\n<p>\u00abNo hay alternativa ya, por las dimensiones que tiene la ciudad de Rafaela, y por la vinculaci\u00f3n que tenemos entre las diversas comunas, pueblos y ciudades vecinas, pensar en un futuro inmediato sin una mirada integradora\u00bb, explic\u00f3.<\/p>\n<p>Tambi\u00e9n consider\u00f3 \u00abun acierto del Gobernador y de los legisladores haber sancionado esta Ley, porque es lo que nos permite iniciar este camino de manera concreta y formal\u00bb, reconoci\u00f3. \u00abHoy ya tenemos un soporte jur\u00eddico legal para poder hacerlo\u00bb, complet\u00f3.<\/p>\n<p><strong>En Santa Fe, un hecho<\/strong><\/p>\n<p>El jueves se constituy\u00f3 oficialmente el Ente de Coordinaci\u00f3n \u00c1rea Metropolitana del Gran Santa Fe, a trav\u00e9s de la firma de un acuerdo entre 22 localidades. Este primer encuentro se llev\u00f3 a cabo en Monte Vera y cont\u00f3 con la presencia de intendentes y presidentes comunales de la regi\u00f3n, como as\u00ed tambi\u00e9n funcionarios provinciales.<\/p>\n<h6>Fuente: Sin Mordaza<\/h6>\n","protected":false},"excerpt":{"rendered":"<p>Se logr\u00f3 avanzar m\u00e1s de lo esperado en la conformaci\u00f3n de un Ente de Coordinaci\u00f3n, instancia fundamental prevista por la ley que busca una mayor integraci\u00f3n<\/p>\n","protected":false},"author":2,"featured_media":53711,"comment_status":"closed","ping_status":"closed","sticky":false,"template":"","format":"standard","meta":{"footnotes":""},"categories":[2],"tags":[10],"class_list":["post-53710","post","type-post","status-publish","format-standard","has-post-thumbnail","hentry","category-informe-municipal","tag-santa-fe"],"_links":{"self":[{"href":"http:\/\/argentinamunicipal.com.ar\/argentina\/wp-json\/wp\/v2\/posts\/53710","targetHints":{"allow":["GET"]}}],"collection":[{"href":"http:\/\/argentinamunicipal.com.ar\/argentina\/wp-json\/wp\/v2\/posts"}],"about":[{"href":"http:\/\/argentinamunicipal.com.ar\/argentina\/wp-json\/wp\/v2\/types\/post"}],"author":[{"embeddable":true,"href":"http:\/\/argentinamunicipal.com.ar\/argentina\/wp-json\/wp\/v2\/users\/2"}],"replies":[{"embeddable":true,"href":"http:\/\/argentinamunicipal.com.ar\/argentina\/wp-json\/wp\/v2\/comments?post=53710"}],"version-history":[{"count":0,"href":"http:\/\/argentinamunicipal.com.ar\/argentina\/wp-json\/wp\/v2\/posts\/53710\/revisions"}],"wp:featuredmedia":[{"embeddable":true,"href":"http:\/\/argentinamunicipal.com.ar\/argentina\/wp-json\/wp\/v2\/media\/53711"}],"wp:attachment":[{"href":"http:\/\/argentinamunicipal.com.ar\/argentina\/wp-json\/wp\/v2\/media?parent=53710"}],"wp:term":[{"taxonomy":"category","embeddable":true,"href":"http:\/\/argentinamunicipal.com.ar\/argentina\/wp-json\/wp\/v2\/categories?post=53710"},{"taxonomy":"post_tag","embeddable":true,"href":"http:\/\/argentinamunicipal.com.ar\/argentina\/wp-json\/wp\/v2\/tags?post=53710"}],"curies":[{"name":"wp","href":"https:\/\/api.w.org\/{rel}","templated":true}]}}