{"id":53743,"date":"2016-09-21T07:08:19","date_gmt":"2016-09-21T10:08:19","guid":{"rendered":"http:\/\/argentinamunicipal.com.ar\/argentina\/?p=53743"},"modified":"2016-09-21T07:08:19","modified_gmt":"2016-09-21T10:08:19","slug":"rosario-planean-sumar-viviendas-publicas-puerto-norte","status":"publish","type":"post","link":"http:\/\/argentinamunicipal.com.ar\/argentina\/rosario-planean-sumar-viviendas-publicas-puerto-norte\/","title":{"rendered":"Rosario: Planean sumar viviendas p\u00fablicas en Puerto Norte"},"content":{"rendered":"<p>El presidente de la comisi\u00f3n de Planeamiento explic\u00f3 su iniciativa dentro del Concejo para la Unidad de Gesti\u00f3n 3, en esa estrat\u00e9gica zona.<\/p>\n<p>Frente al proceso de definici\u00f3n de usos e indicadores urban\u00edsticos para la Unidad de Gesti\u00f3n 3 (UG3), un sector clave ubicado en Puerto Norte, y teniendo en cuenta las recomendaciones que difundi\u00f3 p\u00fablicamente el Colegio de Arquitectos de Rosario acerca de la conveniencia de priorizar el destino p\u00fablico de esas tierras, e impulsar desarrollos socialmente equitativos, el concejal Horacio Ghirardi promueve una iniciativa dentro del Palacio Vasallo que apunta a \u00abdestinar la mayor\u00eda de los terrenos para espacios verdes y comunitarios, y tambi\u00e9n para viviendas p\u00fablicas\u00bb.<\/p>\n<p>El presidente de la comisi\u00f3n de Planeamiento propone un conjunto de par\u00e1metros urbanos para la formulaci\u00f3n del plan de detalle en los terrenos denominados Unidad de Gesti\u00f3n 3, en Puerto Norte.<\/p>\n<p>Y desde su perspectiva, entiende que esas proposiciones se encuentran en consonancia con las exigencias que plante\u00f3 recientemente el Colegio de profesionales de la arquitectura de la ciudad, y que public\u00f3 La Capital en su edici\u00f3n del domingo pasado.<\/p>\n<p>\u00abLa idea es que en la afectaci\u00f3n de tierras se priorice una porci\u00f3n, no menor al 50 por ciento, para espacios p\u00fablicos y equipamiento comunitario, para que todos los rosarinos puedan disfrutar. Pero tambi\u00e9n priorizando que, del \u00e1rea de tierras restantes, la mayor parte se destine a la realizaci\u00f3n de viviendas que ser\u00e1n financiadas a trav\u00e9s de planes nacionales, provinciales o municipales\u00bb, se encarg\u00f3 de explicar Ghirardi.<\/p>\n<p>Y remarc\u00f3: \u00abEs una manera de garantizar una soluci\u00f3n habitacional para las familias que aspiran a una primera vivienda, y tambi\u00e9n para las que actualmente residen all\u00ed de forma bastante precaria, y ya fueron oportunamente censadas\u00bb.<\/p>\n<p>Seg\u00fan el concejal socialista, el decreto impulsado intenta garantizar un abordaje integral en el proceso de transformaci\u00f3n urbana del sector y su entorno:<\/p>\n<p>a) Destinar un porcentaje no menor al 50 por ciento de las tierras afectadas al proceso de reconversi\u00f3n al que se hace referencia para espacio p\u00fablico y equipamiento comunitario.<\/p>\n<p>b) Preservar como prioridad del porcentaje de tierra restante un \u00e1rea mayor destinada para la materializaci\u00f3n de viviendas financiadas mediante planes nacionales, provinciales, o municipales (Procrear, Mi Tierra &#8211; Mi Casa, entre otros), con el objetivo de promover el acceso a la primera vivienda.<\/p>\n<p>c) Garantizar una resoluci\u00f3n habitacional a las familias censadas que actualmente residen de manera precaria en el sector, en el marco de los planes habitacionales planteados.<\/p>\n<p>d) Contemplar, para la definici\u00f3n de los futuros usos, las variables ambientales y de accesibilidad, como as\u00ed tambi\u00e9n la compatibilidad entre los mismos, a los efectos de integrar emprendimientos productivos existentes, con emprendimientos comerciales y de servicios que pudieran incorporarse a futuro.<\/p>\n<p>Gesto de inclusi\u00f3n. \u00abCon este proyecto que estamos llevando adelante en el Concejo Municipal, adem\u00e1s de contemplar la situaci\u00f3n habitacional de las familias que hoy residen all\u00ed, apostamos tambi\u00e9n a la inclusi\u00f3n de sectores medios\u00bb, se encarg\u00f3 de puntualizar el concejal socialista.<\/p>\n<p>\u00abEse impulso inclusivo debe apuntar particularmente a los sectores m\u00e1s j\u00f3venes que desean acceder a su primera vivienda. En ese sentido, estamos propiciando que en esas tierras ubicadas estrat\u00e9gicamente en la ciudad de Rosario se genere un proceso equilibrado de desarrollo urbano\u00bb, destac\u00f3 Ghirardi a manera de conclusi\u00f3n.<\/p>\n<p><strong>Mismo sentido<\/strong><\/p>\n<p>\u00abNo tengo dudas de que esta iniciativa comparte la mayor\u00eda de las preocupaciones que expuso p\u00fablicamente el Colegio de Arquitectos\u00bb, dijo Ghirardi.<\/p>\n<h6>Fuente: La capital Rosario<\/h6>\n","protected":false},"excerpt":{"rendered":"<p>El presidente de la comisi\u00f3n de Planeamiento explic\u00f3 su iniciativa dentro del Concejo para la Unidad de Gesti\u00f3n 3, en esa estrat\u00e9gica zona.<\/p>\n","protected":false},"author":2,"featured_media":53744,"comment_status":"closed","ping_status":"closed","sticky":false,"template":"","format":"standard","meta":{"footnotes":""},"categories":[2],"tags":[10],"class_list":["post-53743","post","type-post","status-publish","format-standard","has-post-thumbnail","hentry","category-informe-municipal","tag-santa-fe"],"_links":{"self":[{"href":"http:\/\/argentinamunicipal.com.ar\/argentina\/wp-json\/wp\/v2\/posts\/53743","targetHints":{"allow":["GET"]}}],"collection":[{"href":"http:\/\/argentinamunicipal.com.ar\/argentina\/wp-json\/wp\/v2\/posts"}],"about":[{"href":"http:\/\/argentinamunicipal.com.ar\/argentina\/wp-json\/wp\/v2\/types\/post"}],"author":[{"embeddable":true,"href":"http:\/\/argentinamunicipal.com.ar\/argentina\/wp-json\/wp\/v2\/users\/2"}],"replies":[{"embeddable":true,"href":"http:\/\/argentinamunicipal.com.ar\/argentina\/wp-json\/wp\/v2\/comments?post=53743"}],"version-history":[{"count":0,"href":"http:\/\/argentinamunicipal.com.ar\/argentina\/wp-json\/wp\/v2\/posts\/53743\/revisions"}],"wp:featuredmedia":[{"embeddable":true,"href":"http:\/\/argentinamunicipal.com.ar\/argentina\/wp-json\/wp\/v2\/media\/53744"}],"wp:attachment":[{"href":"http:\/\/argentinamunicipal.com.ar\/argentina\/wp-json\/wp\/v2\/media?parent=53743"}],"wp:term":[{"taxonomy":"category","embeddable":true,"href":"http:\/\/argentinamunicipal.com.ar\/argentina\/wp-json\/wp\/v2\/categories?post=53743"},{"taxonomy":"post_tag","embeddable":true,"href":"http:\/\/argentinamunicipal.com.ar\/argentina\/wp-json\/wp\/v2\/tags?post=53743"}],"curies":[{"name":"wp","href":"https:\/\/api.w.org\/{rel}","templated":true}]}}