{"id":53746,"date":"2016-09-21T07:11:48","date_gmt":"2016-09-21T10:11:48","guid":{"rendered":"http:\/\/argentinamunicipal.com.ar\/argentina\/?p=53746"},"modified":"2016-09-21T07:11:48","modified_gmt":"2016-09-21T10:11:48","slug":"la-cgt-debate-la-medida-la-medida","status":"publish","type":"post","link":"http:\/\/argentinamunicipal.com.ar\/argentina\/la-cgt-debate-la-medida-la-medida\/","title":{"rendered":"La CGT debate la medida de la medida"},"content":{"rendered":"<p>Todo apunta a que el Confederal de este viernes facultar\u00e1 a la conducci\u00f3n cegetista a tomar acciones si lo considera necesario. Hoy se re\u00fane el consejo directivo de la central y habr\u00e1 una primera discusi\u00f3n al respecto.<\/p>\n<p>El consejo directivo de la CGT se reunir\u00e1 hoy para evaluar el resultado de la ronda de consultas que realiz\u00f3 con dirigentes pol\u00edticos, sociales, religiosos y empresarios. La reuni\u00f3n ser\u00e1 una suerte de vara que permitir\u00e1 medir hasta qu\u00e9 punto la central sindical est\u00e1 dispuesta a confrontar con Mauricio Macri. Todo depender\u00e1 de si se imponen aquellos que consideran que lleg\u00f3 la hora de plantar bandera contra las pol\u00edticas del Gobierno \u2013que aseguran ser mayor\u00eda\u2013 o si prima el criterio de quienes afirman que si se convoca a una medida de fuerza se dir\u00e1 que la CGT atenta contra la gobernabilidad. La palabra final la tendr\u00e1 el Comit\u00e9 Central Confederal dentro de dos d\u00edas.<\/p>\n<p>El encuentro de todos los gremios de la CGT est\u00e1 convocado para este viernes a las 10. El triunvirato que conduce la central busc\u00f3 llegar a esa instancia con la mayor fortaleza pol\u00edtica posible. Para eso, al margen de su encuentro con el ministro de Trabajo, Jorge Triaca, los principales dirigentes cegetistas se reunieron con los senadores del FpV-PJ, referentes de movimientos sociales, intendentes peronistas del grupo Esmeralda, la conducci\u00f3n del PJ y las autoridades de la Iglesia cat\u00f3lica.<\/p>\n<p>Todo parece dado para que en el Confederal se faculte al Consejo Directivo a implementar una medida de fuerza cuando lo considere necesario. Los gremios que impulsan el paro hablan de hacerlo en la primera quincena de octubre. Las dos CTA aguardan la convocatoria a la huelga para plegarse.<\/p>\n<p>Dentro de la CGT todos son cr\u00edticos de las pol\u00edticas de Macri y rechazan la ley de empleo joven porque la consideran una vuelta a la flexibilizaci\u00f3n de los \u201890, pero algunos son m\u00e1s duros que otros. Los matices se ver\u00e1n en la reuni\u00f3n del Consejo Directivo de hoy a las tres de la tarde y quedar\u00e1n definitivamente expuestos en el Confederal.<\/p>\n<p>Las aguas sindicales se dividen en dos. De un lado est\u00e1n los que dicen que \u201cno es momento de parar\u201d. \u201cEl di\u00e1logo es lo m\u00e1s apropiado para que no se vea a la CGT como un espacio que atenta contra la gobernabilidad\u201d, argument\u00f3 uno de ellos a P\u00e1gina\/12. Del otro est\u00e1n quienes sostienen que \u201cel rol de la CGT es la representaci\u00f3n social de los trabajadores. La situaci\u00f3n econ\u00f3mica est\u00e1 perjudicando a los trabajadores y ante la falta de respuesta del Gobierno hay que endurecer la posici\u00f3n\u201d.<\/p>\n<p>\u201cLa mayor\u00eda de los secretarios generales estamos viendo que la pol\u00edtica de importaciones afecta a cada actividad\u201d, cont\u00f3 el l\u00edder de un gremios de mocionar\u00e1 parar. A esa postura que en un primer momento plante\u00f3 el bancario Sergio Palazzo con los sindicatos de la Corriente Federal de Trabajadores adhieren ahora aquellos que responden al camionero Hugo Moyano y hasta el gastron\u00f3mico Luis Barrionuevo da se\u00f1ales en el sentido de que lleg\u00f3 la hora de mostrarle los dientes a Macri. Fundamentan la decisi\u00f3n de parar, entre otras cosas, en el aumento del desempleo, la ca\u00edda de poder adquisitivo y en que, a pesar de las promesas de campa\u00f1a en 2016, los trabajadores que pagaron Impuesto a las Ganancias fueron m\u00e1s que en los \u00faltimos doce a\u00f1os. Adem\u00e1s, salen al cruce del argumento de que la CGT no puede aparecer \u201catentando contra la gobernabilidad\u201d. \u201cLa principal responsabilidad de garantizar la gobernabilidad es de quien gobierna\u201d, remarc\u00f3 a este el titular del gremio de trabajadores de peajes y diputado del Frente Renovador, Facundo Moyano.<\/p>\n<p>El l\u00edder de los empleados de comercio, Armando Cavalieri, es uno de los mayores defensores de mantener el di\u00e1logo con el Gobierno. Gerardo Mart\u00ednez (construcci\u00f3n), Andr\u00e9s Rodr\u00edguez (estatales), Jos\u00e9 Luis Lingeri (Obras Sanitarias) y H\u00e9ctor Daer (sanidad) son algunos de los que no est\u00e1n convencidos de que sea el momento de confrontar con Macri.<\/p>\n<p>En el medio, el Gobierno hace su juego. Triaca estuvo la semana pasada con varios dirigentes de peso de la CGT \u2013incluidos Daer, Juan Carlos Schmid y Carlos Acu\u00f1a, el triunvirato que la conduce\u2013 y puso de nuevo su o\u00eddo a los reclamos del sindicalismo. \u201cEl Gobierno se mueve bien en el sentido de que mantiene el di\u00e1logo\u201d, coinciden los que quieren parar y los que no. En dos d\u00edas se sabr\u00e1 cu\u00e1n eficiente result\u00f3 esa estrategia.<\/p>\n<h6>Fuente: P\u00e1gina 12<\/h6>\n","protected":false},"excerpt":{"rendered":"<p>Todo apunta a que el Confederal de este viernes facultar\u00e1 a la conducci\u00f3n cegetista a tomar acciones si lo considera necesario. Hoy se re\u00fane el consejo directivo de la central y habr\u00e1 una primera discusi\u00f3n al respecto.<\/p>\n","protected":false},"author":2,"featured_media":53747,"comment_status":"closed","ping_status":"closed","sticky":false,"template":"","format":"standard","meta":{"footnotes":""},"categories":[8],"tags":[21],"class_list":["post-53746","post","type-post","status-publish","format-standard","has-post-thumbnail","hentry","category-informe-nacional","tag-argentina"],"_links":{"self":[{"href":"http:\/\/argentinamunicipal.com.ar\/argentina\/wp-json\/wp\/v2\/posts\/53746","targetHints":{"allow":["GET"]}}],"collection":[{"href":"http:\/\/argentinamunicipal.com.ar\/argentina\/wp-json\/wp\/v2\/posts"}],"about":[{"href":"http:\/\/argentinamunicipal.com.ar\/argentina\/wp-json\/wp\/v2\/types\/post"}],"author":[{"embeddable":true,"href":"http:\/\/argentinamunicipal.com.ar\/argentina\/wp-json\/wp\/v2\/users\/2"}],"replies":[{"embeddable":true,"href":"http:\/\/argentinamunicipal.com.ar\/argentina\/wp-json\/wp\/v2\/comments?post=53746"}],"version-history":[{"count":0,"href":"http:\/\/argentinamunicipal.com.ar\/argentina\/wp-json\/wp\/v2\/posts\/53746\/revisions"}],"wp:featuredmedia":[{"embeddable":true,"href":"http:\/\/argentinamunicipal.com.ar\/argentina\/wp-json\/wp\/v2\/media\/53747"}],"wp:attachment":[{"href":"http:\/\/argentinamunicipal.com.ar\/argentina\/wp-json\/wp\/v2\/media?parent=53746"}],"wp:term":[{"taxonomy":"category","embeddable":true,"href":"http:\/\/argentinamunicipal.com.ar\/argentina\/wp-json\/wp\/v2\/categories?post=53746"},{"taxonomy":"post_tag","embeddable":true,"href":"http:\/\/argentinamunicipal.com.ar\/argentina\/wp-json\/wp\/v2\/tags?post=53746"}],"curies":[{"name":"wp","href":"https:\/\/api.w.org\/{rel}","templated":true}]}}