{"id":53749,"date":"2016-09-21T07:14:00","date_gmt":"2016-09-21T10:14:00","guid":{"rendered":"http:\/\/argentinamunicipal.com.ar\/argentina\/?p=53749"},"modified":"2016-09-21T07:14:00","modified_gmt":"2016-09-21T10:14:00","slug":"seis-meses-garrote-los-uniformados","status":"publish","type":"post","link":"http:\/\/argentinamunicipal.com.ar\/argentina\/seis-meses-garrote-los-uniformados\/","title":{"rendered":"Seis meses de garrote de los uniformados"},"content":{"rendered":"<p>Tres organizaciones de DD.HH. reunieron las notas period\u00edsticas sobre casos de violencia de las fuerzas de seguridad en el primer semestre de 2016. La represi\u00f3n a las marchas, las detenciones arbitrarias y el gatillo f\u00e1cil se llevan las palmas.<\/p>\n<p>Durante el primer semestre de este a\u00f1o, la represi\u00f3n a manifestaciones sociales, las detenciones arbitrarias y el gatillo f\u00e1cil fueron los argumentos m\u00e1s utilizados por las fuerzas de seguridad para sugerir que nadie se aparte de las indicaciones presidenciales. Estos y otros datos como que la Bonaerense seguida por la Federal fueron las fuerzas que m\u00e1s pasi\u00f3n le pusieron a partirle la cabeza a alguien, surgen del primer Registro de Casos de Violencia Estatal (ReCaVE) desarrollado por el Centro de Estudios en Pol\u00edtica Criminal y DD.HH. (Cepoc), con la colaboraci\u00f3n de la Asociaci\u00f3n Civil de Familiares de Detenidos en C\u00e1rceles Federales (AciFaD) y la Liga Argentina por los Derechos del Hombre (LADH). Del mismo modo que el Registro de Femicidios de la Casa del Encuentro, el ReCaVE se nutri\u00f3 de la informaci\u00f3n period\u00edstica ya que no existe una estad\u00edstica oficial de la propia violencia. Tambi\u00e9n, para entender los l\u00edmites que surgen del Registro, la cobertura period\u00edstica de la violencia estatal estar\u00eda resultando, \u00faltimamente, cobertura y encubrimiento.<\/p>\n<p>La producci\u00f3n del ReCaVE surgi\u00f3 a partir de una serie de evidencias que revelaban a los autores que, a partir del 10 de diciembre pasado, se hab\u00eda abierto la puerta a la f\u00f3rmula represiva con amplia participaci\u00f3n de las fuerzas de seguridad. El decreto de la Emergencia en seguridad; la elaboraci\u00f3n del protocolo para reprimir protestas sociales; la inclusi\u00f3n en agenda de la idea de intervenci\u00f3n de las Fuerzas Armadas en actividades vinculadas con la seguridad interior, con el caballito de batalla de la guerra contra las drogas; la sentencia del Tribunal Superior de Justicia porte\u00f1o que habilita a las fuerzas de seguridad a la utilizaci\u00f3n de la identificaci\u00f3n de personas en base al olfato policial; la prisi\u00f3n preventiva pol\u00edtica de Milagro Sala; la habilitaci\u00f3n de la Corte Suprema de la Naci\u00f3n para el uso de pistolas Taser, fueron s\u00edntomas de la regresi\u00f3n punitiva.<\/p>\n<p>El relevamiento, realizado sobre diarios nacionales, agencias de noticias no oficiales y el portal de la Campa\u00f1a Nacional Contra la Violencia Institucional, registr\u00f3 200 notas period\u00edsticas que informaron sobre 113 casos.<\/p>\n<p>El rubro de mayor violencia de las fuerzas de seguridad se verific\u00f3 en la represi\u00f3n a manifestaciones sociales (20 casos sobre 113; 17,7 por ciento) a los que se debe sumar el 4,4 por ciento (5 casos) de violencia sobre trabajadores ambulantes (diferenciado por los autores \u201cdada la especificidad que se da con el sector\u201d). Las detenciones arbitrarias y los casos de gatillo f\u00e1cil (15 en cada uno de los \u00edtems) representan el 13,3 por ciento cada uno. \u201cUno de los denominadores comunes de estos casos tiene que ver con las facultades de \u2018control\u2019 de las fuerzas seguridad en la v\u00eda p\u00fablica\u201d, sostienen los autores. \u201cAs\u00ed, detectamos que un 8 por ciento (9 de 113) de ellos tuvieron que ver con el desarrollo de operativos policiales desplegados sin una motivaci\u00f3n aparente y 5,3 (6 de 113) con detenciones por averiguaci\u00f3n de identidad\/antecedentes (DAI)\u201d.<\/p>\n<p>En la misma l\u00ednea de control territorial, las razzias llevaron un 2,7 por ciento (3 casos) y 3,5 por ciento (4 casos) a denuncias por hostigamiento y persecuci\u00f3n continua de fuerzas de seguridad.<\/p>\n<p>El Registro adem\u00e1s agrega los casos de violencia en contexto de otro delito, una manera de mencionar a los casos de polichorros, entre ellos un caso de participaci\u00f3n directa en una red de trata de personas, una tentativa de homicidio, la complicidad en un secuestro, por ejemplo. En 2 casos participaron en un femicidio y en 3 en violencia sexual.<\/p>\n<p>De los 113 casos, en 77 (68,1 por ciento) \u201cse utililz\u00f3 la violencia f\u00edsica (cuando excede las facultades reglamentarias), y en 32 (20,4 por ciento) se incluy\u00f3 tambi\u00e9n el uso de armas, reglamentarias o no.<\/p>\n<p>En la producci\u00f3n del Registro participaron en forma directa Denise Feldman, Florencia Sorichetti y Claudia Cesaroni, del Cepoc; Fernando Mart\u00ednez Forlong y la soci\u00f3loga Mariana Mosteiro Vaselli. \u201cLa idea fue dejar registrada la violencia estatal este primer semestre para tener una base sobre la que se pueda seguir trabajando\u201d, dijo Feldman a P\u00e1gina\/12. Como el registro de notas se realiz\u00f3 sobre diarios nacionales, la mayor\u00eda de los hechos aparecen concentrados en el Gran Buenos Aires con 41 casos (36,3), la CABA con 28 (24,8) y el resto de la provincia, 15 casos (13,3). Entre los tres suman 84 casos sobre 113.<\/p>\n<p>De las fuerzas involucradas, la Bonaerense es la que m\u00e1s aplic\u00f3 el garrote (27 casos); la Federal, 22; las provinciales y locales 17 en la suma. La Gendarmer\u00eda es la fuerza que m\u00e1s fuerte peg\u00f3 (9). Los chicos de la murga la recuerdan.<\/p>\n<p>P\u00e1rrafo aparte merecen la cobertura (encubrimiento) medi\u00e1tico. Los autores se mostraron preocupados por la cobertura medi\u00e1tica y la \u201ctergiversaci\u00f3n de los hechos que deliberadamente encubre y legitima la intervenci\u00f3n ilegal, desproporcionada, estigmatizante y violenta de las fuerzas de seguridad\u201d, pero se\u00f1alaron la multiplicaci\u00f3n de denuncias y testimonios que se comparten en las redes sociales. En definitiva, el ReCaVE fue dise\u00f1ado para \u201cimpedir la naturalizaci\u00f3n de estas pr\u00e1cticas\u201d violentas.<\/p>\n<h6>Fuente: P\u00e1gina 12<\/h6>\n","protected":false},"excerpt":{"rendered":"<p>Tres organizaciones de DD.HH. reunieron las notas period\u00edsticas sobre casos de violencia de las fuerzas de seguridad en el primer semestre de 2016. La represi\u00f3n a las marchas, las detenciones arbitrarias y el gatillo f\u00e1cil se llevan las palmas.<\/p>\n","protected":false},"author":2,"featured_media":53750,"comment_status":"closed","ping_status":"closed","sticky":false,"template":"","format":"standard","meta":{"footnotes":""},"categories":[8],"tags":[21],"class_list":["post-53749","post","type-post","status-publish","format-standard","has-post-thumbnail","hentry","category-informe-nacional","tag-argentina"],"_links":{"self":[{"href":"http:\/\/argentinamunicipal.com.ar\/argentina\/wp-json\/wp\/v2\/posts\/53749","targetHints":{"allow":["GET"]}}],"collection":[{"href":"http:\/\/argentinamunicipal.com.ar\/argentina\/wp-json\/wp\/v2\/posts"}],"about":[{"href":"http:\/\/argentinamunicipal.com.ar\/argentina\/wp-json\/wp\/v2\/types\/post"}],"author":[{"embeddable":true,"href":"http:\/\/argentinamunicipal.com.ar\/argentina\/wp-json\/wp\/v2\/users\/2"}],"replies":[{"embeddable":true,"href":"http:\/\/argentinamunicipal.com.ar\/argentina\/wp-json\/wp\/v2\/comments?post=53749"}],"version-history":[{"count":0,"href":"http:\/\/argentinamunicipal.com.ar\/argentina\/wp-json\/wp\/v2\/posts\/53749\/revisions"}],"wp:featuredmedia":[{"embeddable":true,"href":"http:\/\/argentinamunicipal.com.ar\/argentina\/wp-json\/wp\/v2\/media\/53750"}],"wp:attachment":[{"href":"http:\/\/argentinamunicipal.com.ar\/argentina\/wp-json\/wp\/v2\/media?parent=53749"}],"wp:term":[{"taxonomy":"category","embeddable":true,"href":"http:\/\/argentinamunicipal.com.ar\/argentina\/wp-json\/wp\/v2\/categories?post=53749"},{"taxonomy":"post_tag","embeddable":true,"href":"http:\/\/argentinamunicipal.com.ar\/argentina\/wp-json\/wp\/v2\/tags?post=53749"}],"curies":[{"name":"wp","href":"https:\/\/api.w.org\/{rel}","templated":true}]}}