{"id":53791,"date":"2016-09-21T08:24:24","date_gmt":"2016-09-21T11:24:24","guid":{"rendered":"http:\/\/argentinamunicipal.com.ar\/argentina\/?p=53791"},"modified":"2016-09-21T08:24:24","modified_gmt":"2016-09-21T11:24:24","slug":"diez-frases-del-discurso-mauricio-macri-la-asamblea-general-la-onu","status":"publish","type":"post","link":"http:\/\/argentinamunicipal.com.ar\/argentina\/diez-frases-del-discurso-mauricio-macri-la-asamblea-general-la-onu\/","title":{"rendered":"Diez frases del discurso de Mauricio Macri en la Asamblea General de la ONU"},"content":{"rendered":"<p>Durante 15 minutos, el presidente habl\u00f3 de los objetivos locales, la reinserci\u00f3n de Argentina en el mundo y promovi\u00f3 a Malcorra para conducir el organismo. Cit\u00f3 al Papa Francisco y pidi\u00f3 una \u00absoluci\u00f3n a la disputa\u00bb por Malvinas.<\/p>\n<p>El presidente Mauricio Macri hizo un repaso de sus intenciones de Gobierno en su primera presentaci\u00f3n ante\u00a0la\u00a0Asamblea General de las Naciones Unidas, que incluy\u00f3 un llamado al \u00abdi\u00e1logo con el Reino Unido\u00bb en pos de\u00a0obtener \u00abuna soluci\u00f3n amigable a la disputa de soberan\u00eda que tenemos hace dos siglos\u00bb sobre Malvinas y tener una relaci\u00f3n \u00abbilateral\u00bb.<\/p>\n<p>Adem\u00e1s, en su exposici\u00f3n de 15 minutos, dej\u00f3 una serie de frases sobre pol\u00edtica local, regional y mundial, citas al Papa Francisco y hasta la postulaci\u00f3n de la canciller\u00a0Susana Malcorra a la presidencia de la Organizaciones de Naciones Unidas.<\/p>\n<p>\u00abArgentina est\u00e1 haciendo una apuesta ambiciosa en desarrollar las energ\u00edas renovables\u00bb<br \/>\n\u00abSe est\u00e1n dando las condiciones para crear un corredor de paz del Atl\u00e1ntico al Pac\u00edfico\u00bb<br \/>\n\u00abVamos a ampliar la recepci\u00f3n de refugiados de Siria y pa\u00edses vecinos\u00bb<br \/>\n\u00abVolvimos a los organismos multilaterales de cr\u00e9ditos\u00bb<br \/>\n\u00abCada d\u00eda se anuncian m\u00e1s inversiones que se traducen en empleos\u00bb<br \/>\n\u00abLa Argentina est\u00e1 asumiendo el empoderamiento integral de las mujeres como pol\u00edtica de Estado\u00bb<br \/>\n\u00abEn el siglo XXI tener a una mujer al frente de esta organizaci\u00f3n ser\u00eda un ejemplo alentador\u00bb<br \/>\n\u00abArgentina fue v\u00edctima del terrorismo internacional con\u00a0dos atentados, de los que esperamos mayor colaboraci\u00f3n internacional para su esclarecimiento y castigo a los culpables\u00bb<br \/>\n\u00abReiteramos nuestro llamado al di\u00e1logo con el Reino Unido para solucionar amigablemente la disputa de soberan\u00eda que tenemos hace casi dos siglos: hemos dados muestras de inter\u00e9s para avanzar en la relaci\u00f3n bilateral, que debe ser mutuamente beneficiosa\u00bb<br \/>\n\u00abTenemos que convivir en paz, como nos llama a hacer el Papa Francisco\u00bb<\/p>\n<h6>Fuente: InfoCielo<\/h6>\n","protected":false},"excerpt":{"rendered":"<p>Durante 15 minutos, el presidente habl\u00f3 de los objetivos locales, la reinserci\u00f3n de Argentina en el mundo y promovi\u00f3 a Malcorra para conducir el organismo. Cit\u00f3 al Papa Francisco y pidi\u00f3 una \u00absoluci\u00f3n a la disputa\u00bb por Malvinas.<\/p>\n","protected":false},"author":2,"featured_media":53792,"comment_status":"closed","ping_status":"closed","sticky":false,"template":"","format":"standard","meta":{"footnotes":""},"categories":[8],"tags":[21],"class_list":["post-53791","post","type-post","status-publish","format-standard","has-post-thumbnail","hentry","category-informe-nacional","tag-argentina"],"_links":{"self":[{"href":"http:\/\/argentinamunicipal.com.ar\/argentina\/wp-json\/wp\/v2\/posts\/53791","targetHints":{"allow":["GET"]}}],"collection":[{"href":"http:\/\/argentinamunicipal.com.ar\/argentina\/wp-json\/wp\/v2\/posts"}],"about":[{"href":"http:\/\/argentinamunicipal.com.ar\/argentina\/wp-json\/wp\/v2\/types\/post"}],"author":[{"embeddable":true,"href":"http:\/\/argentinamunicipal.com.ar\/argentina\/wp-json\/wp\/v2\/users\/2"}],"replies":[{"embeddable":true,"href":"http:\/\/argentinamunicipal.com.ar\/argentina\/wp-json\/wp\/v2\/comments?post=53791"}],"version-history":[{"count":0,"href":"http:\/\/argentinamunicipal.com.ar\/argentina\/wp-json\/wp\/v2\/posts\/53791\/revisions"}],"wp:featuredmedia":[{"embeddable":true,"href":"http:\/\/argentinamunicipal.com.ar\/argentina\/wp-json\/wp\/v2\/media\/53792"}],"wp:attachment":[{"href":"http:\/\/argentinamunicipal.com.ar\/argentina\/wp-json\/wp\/v2\/media?parent=53791"}],"wp:term":[{"taxonomy":"category","embeddable":true,"href":"http:\/\/argentinamunicipal.com.ar\/argentina\/wp-json\/wp\/v2\/categories?post=53791"},{"taxonomy":"post_tag","embeddable":true,"href":"http:\/\/argentinamunicipal.com.ar\/argentina\/wp-json\/wp\/v2\/tags?post=53791"}],"curies":[{"name":"wp","href":"https:\/\/api.w.org\/{rel}","templated":true}]}}