{"id":53797,"date":"2016-09-21T08:37:59","date_gmt":"2016-09-21T11:37:59","guid":{"rendered":"http:\/\/argentinamunicipal.com.ar\/argentina\/?p=53797"},"modified":"2016-09-21T08:53:03","modified_gmt":"2016-09-21T11:53:03","slug":"seguridad-una-cuestion-politica","status":"publish","type":"post","link":"http:\/\/argentinamunicipal.com.ar\/argentina\/seguridad-una-cuestion-politica\/","title":{"rendered":"Seguridad, una cuesti\u00f3n pol\u00edtica \u00a0"},"content":{"rendered":"<p>La seguridad es una cuesti\u00f3n pol\u00edtica. Y no porque el oportunismo de algunos haga de ese tema un recurso para obtener r\u00e9ditos pol\u00edticos, sino porque en democracia la seguridad est\u00e1 indisolublemente ligada a vigencia de derechos y a la calidad de vida de las personas. Seguridad, derechos y ciudadan\u00eda forman parte de una trilog\u00eda que resulta inseparable en democracia. Un concepto no puede separarse del otro porque hacerlo supone dejar de mirar el sujeto, al ser humano, en su integralidad. Y esa complejidad del sujeto social tiene que servir tambi\u00e9n para analizar los recientes debates sobre \u201cjusticia por mano propia\u201d que, lamentablemente, han sido tambi\u00e9n apa\u00f1ados de forma m\u00e1s o menos subrepticia por referentes del gobierno de la alianza Cambiemos y potenciado por un sistema de medios y periodistas \u201ccarro\u00f1eros\u201d que act\u00faan sobre el tema sin responsabilidad y s\u00ed con mucha morbosidad.<\/p>\n<p>De parte del Gobierno es una demostraci\u00f3n de incapacidad en la propia gesti\u00f3n, en primer lugar, pero tambi\u00e9n la exteriorizaci\u00f3n de una peligrosa perspectiva pol\u00edtico-ideol\u00f3gica que tiende a dejar la justicia liberada a lo individual, a la mano propia. Tambi\u00e9n como una manera no menos grave que tienen los gobernantes de no hacerse cargo de responsabilidades que se adjudican indeclinablemente desde el momento que asumen la gesti\u00f3n del Estado.<\/p>\n<p>El derecho a la seguridad surge de la obligaci\u00f3n que tiene el Estado de garantizar la seguridad de las personas en los t\u00e9rminos del art\u00edculo 3 de la Declaraci\u00f3n Universal de los Derechos Humanos (\u201ctodo individuo tiene derecho a la vida, a la libertad y a la seguridad de su persona\u201d) y del art\u00edculo 1 de la Declaraci\u00f3n Americana de los Derechos y Deberes del Hombre (\u201ctodo ser humano tiene derecho a la vida, a la libertad y a la seguridad de su persona\u201d). Cuando el Gobierno a cargo del Estado resigna estas obligaciones para dejarla en manos de cada ciudadano est\u00e1 cometiendo una grave omisi\u00f3n pol\u00edtica y alimentando riesgosamente el campo de las venganzas por mano propia.<\/p>\n<p>Y no se trata, por cierto, de respuestas de mano dura o de represi\u00f3n. Por el contrario. Es preciso asumir la cuesti\u00f3n de la inseguridad en el marco de la complejidad, para entenderla en el contexto de la calidad de vida como un valor ciudadano, pol\u00edtico y que la da sentido al sistema democr\u00e1tico.<\/p>\n<p>El 31 de diciembre de 2009, la Comisi\u00f3n Interamericana de Derechos Humanos (CIDH) emiti\u00f3 un informe tem\u00e1tico sobre \u201cSeguridad ciudadana y derechos humanos\u201d. All\u00ed se entiende que la seguridad ciudadana debe recoger la \u201cvinculaci\u00f3n permanente entre seguridad de las personas y convivencia democr\u00e1tica\u201d dado que existe una relaci\u00f3n indisoluble \u201centre seguridad de las personas y convivencia democr\u00e1tica\u201d pues \u201cla comisi\u00f3n de delitos es solamente una de las tantas formas de violencia que en la actualidad afectan a las personas que viven en la regi\u00f3n (en concreto, el delito hace referencia solamente a las formas de violencia tipificadas en los ordenamientos jur\u00eddico-penales), lo que obliga un abordaje integral de la problem\u00e1tica en estudio, de la que se deriven acciones de prevenci\u00f3n y control de diferente naturaleza, y que involucren, en su ejecuci\u00f3n, tambi\u00e9n a diferentes actores del sector p\u00fablico y de la sociedad civil\u201d.<\/p>\n<p>Previo a cualquier consideraci\u00f3n habr\u00eda que recordar, sin embargo, que \u201cla seguridad\u201d fue una de las promesas de campa\u00f1a del PRO y de Cambiemos. En tiempos electorales se habl\u00f3 de m\u00e1gicos recursos y capacidades que modificar\u00edan radicalmente el escenario de la seguridad ciudadana apenas asumido el nuevo gobierno. No sucedi\u00f3. Porque Cambiemos minti\u00f3 como lo hace en tantos otros rubros y temas, pero sobre todo porque lo prometido es imposible. La seguridad es un tema a\u00fan sin resoluci\u00f3n en la mayor\u00eda las sociedades del mundo, aun en las m\u00e1s ricas. Y es una cuesti\u00f3n que no puede aislarse de la complejidad pol\u00edtico-social-econ\u00f3mica-cultural del contexto capitalista contempor\u00e1neo en que vivimos. Seguridad no est\u00e1 al margen de concentraci\u00f3n de la riqueza, de marginaci\u00f3n, de racismo, migraci\u00f3n ilegal, carencias educativas, sectarismo, y una larga lista de males que afectan a la sociedad actual.<\/p>\n<p>Pretender entonces una soluci\u00f3n para \u201cla seguridad\u201d mientras se insiste en recetas que atentan contra la dignidad de las personas (l\u00e9ase restricciones econ\u00f3micas, sociales o culturales) es, una vez m\u00e1s, tomar la parte por el todo y no reconocer que las soluciones requieren integralidad o no son tales.<\/p>\n<p>La seguridad no es una cuesti\u00f3n individual, es colectiva, es social, es pol\u00edtica. No est\u00e1 aislada del conjunto de las soluciones en la sociedad ni de las medidas que se tomen en cualquier sentido. Restringir todo a una cuesti\u00f3n de v\u00edctimas y victimarios es reducir la mirada para agravar el problema.<\/p>\n<p>Por\u00a0Washington Uranga<\/p>\n<h6>Fuente: P\u00e1gina 12<\/h6>\n","protected":false},"excerpt":{"rendered":"<p>La seguridad es una cuesti\u00f3n pol\u00edtica. Y no porque el oportunismo de algunos haga de ese tema un recurso para obtener r\u00e9ditos pol\u00edticos, sino porque en democracia la seguridad est\u00e1 indisolublemente ligada a vigencia de derechos y a la calidad de vida de las personas.<\/p>\n","protected":false},"author":2,"featured_media":53809,"comment_status":"closed","ping_status":"closed","sticky":false,"template":"","format":"standard","meta":{"footnotes":""},"categories":[6],"tags":[21],"class_list":["post-53797","post","type-post","status-publish","format-standard","has-post-thumbnail","hentry","category-opiniones","tag-argentina"],"_links":{"self":[{"href":"http:\/\/argentinamunicipal.com.ar\/argentina\/wp-json\/wp\/v2\/posts\/53797","targetHints":{"allow":["GET"]}}],"collection":[{"href":"http:\/\/argentinamunicipal.com.ar\/argentina\/wp-json\/wp\/v2\/posts"}],"about":[{"href":"http:\/\/argentinamunicipal.com.ar\/argentina\/wp-json\/wp\/v2\/types\/post"}],"author":[{"embeddable":true,"href":"http:\/\/argentinamunicipal.com.ar\/argentina\/wp-json\/wp\/v2\/users\/2"}],"replies":[{"embeddable":true,"href":"http:\/\/argentinamunicipal.com.ar\/argentina\/wp-json\/wp\/v2\/comments?post=53797"}],"version-history":[{"count":0,"href":"http:\/\/argentinamunicipal.com.ar\/argentina\/wp-json\/wp\/v2\/posts\/53797\/revisions"}],"wp:featuredmedia":[{"embeddable":true,"href":"http:\/\/argentinamunicipal.com.ar\/argentina\/wp-json\/wp\/v2\/media\/53809"}],"wp:attachment":[{"href":"http:\/\/argentinamunicipal.com.ar\/argentina\/wp-json\/wp\/v2\/media?parent=53797"}],"wp:term":[{"taxonomy":"category","embeddable":true,"href":"http:\/\/argentinamunicipal.com.ar\/argentina\/wp-json\/wp\/v2\/categories?post=53797"},{"taxonomy":"post_tag","embeddable":true,"href":"http:\/\/argentinamunicipal.com.ar\/argentina\/wp-json\/wp\/v2\/tags?post=53797"}],"curies":[{"name":"wp","href":"https:\/\/api.w.org\/{rel}","templated":true}]}}