{"id":53831,"date":"2016-09-22T08:22:20","date_gmt":"2016-09-22T11:22:20","guid":{"rendered":"http:\/\/argentinamunicipal.com.ar\/argentina\/?p=53831"},"modified":"2016-09-22T08:22:20","modified_gmt":"2016-09-22T11:22:20","slug":"malvinas-londres-desmintio-macri-conversacion-la-soberania","status":"publish","type":"post","link":"http:\/\/argentinamunicipal.com.ar\/argentina\/malvinas-londres-desmintio-macri-conversacion-la-soberania\/","title":{"rendered":"Malvinas: Londres desminti\u00f3 a Macri conversaci\u00f3n sobre la soberan\u00eda"},"content":{"rendered":"<p>El Foreign Office aclar\u00f3 que en la charla informal entre Theresa May y el presidente no figur\u00f3 la controversia por las islas<\/p>\n<p>El gobierno brit\u00e1nico neg\u00f3 ayer que el presidente Mauricio Macri y la primera ministra de ese pa\u00eds, Theresa May, hayan dialogado sobre \u00abla soberan\u00eda\u00bb de las islas Malvinas durante el informal encuentro que ambos mantuvieron en el marco de la Asamblea General de las Naciones Unidas.<\/p>\n<p>\u00abNunca se habl\u00f3 del tema de la soberan\u00eda de las islas Malvinas en la breve reuni\u00f3n informal que May y Macri mantuvieron en Nueva York, por lo que no pudo haber existido una expresi\u00f3n por parte de Gran Breta\u00f1a en ese sentido\u00bb, afirm\u00f3 una fuente diplom\u00e1tica del Foreign Office.<\/p>\n<p>De esta forma, el gobierno del Reino Unido aclar\u00f3 que May no habl\u00f3 con el presidente argentino de la cuesti\u00f3n Malvinas. El martes pasado el propio Macri hab\u00eda se\u00f1alado que la primera ministra inglesa estaba \u00abde acuerdo\u00bb con iniciar un di\u00e1logo por la soberan\u00eda del archipi\u00e9lago austral.<\/p>\n<p>No obstante, las fuentes de la diplomacia brit\u00e1nica remarcaron la predisposici\u00f3n del gobierno argentino en fortalecer la relaci\u00f3n bilateral luego de la firma de la amplia declaraci\u00f3n conjunta entre los dos pa\u00edses de la semana pasada.<\/p>\n<p>Fuentes diplom\u00e1ticas brit\u00e1nicas reafirmaron que la posici\u00f3n del Reino Unido sobre Malvinas es inalterable desde la guerra, por lo cual es pr\u00e1cticamente imposible que May decida cambiarla durante un encuentro informal con Macri.<\/p>\n<p>El mandatario nacional asegur\u00f3 el martes en Nueva York que en un encuentro casual durante un almuerzo le dijo a May que estaba \u00ablisto para comenzar un di\u00e1logo abierto que incluya, por supuesto, el tema de la soberan\u00eda sobre las islas Malvinas\u00bb.<\/p>\n<p>\u00abMe dijo que s\u00ed, que habr\u00eda que empezar a conversar. Son cosas que llevar\u00e1n a\u00f1os, pero lo importante es que comencemos, y ella estuvo de acuerdo\u00bb, se\u00f1al\u00f3 el mandatario.<\/p>\n<p>Sin embargo, poco despu\u00e9s la canciller Susana Malcorra sali\u00f3 a aclarar las expresiones del presidente y se\u00f1al\u00f3 que las alusiones a Malvinas de May fueron \u00abuna reacci\u00f3n positiva de cortes\u00eda\u00bb.<\/p>\n<p>\u00abSoy absolutamente franca: no creo que en ese contexto la primera ministra haya dicho \u00abs\u00ed, suscribo que agendemos esto y que la soberan\u00eda sea el primer tema que tratemos\u00bb\u00bb, recalc\u00f3 la ministra de Relaciones Exteriores argentina.<\/p>\n<p>Frente a la desmentida brit\u00e1nica, el gobierno busc\u00f3 ayer restarle expectativas a los alcances del di\u00e1logo con el Reino Unido por Malvinas, aunque Macri reiter\u00f3 que espera que las conversaciones \u00abincluyan todos los temas\u00bb, como la cuesti\u00f3n de la soberan\u00eda.<\/p>\n<p>Al referirse a esa cuesti\u00f3n, ayer desde Nueva York, el presidente subray\u00f3: \u00abUna mesa de di\u00e1logo incluye el di\u00e1logo alrededor de la soberan\u00eda. \u00bfCu\u00e1l es la mesa de di\u00e1logo si est\u00e1 limitada? Hay que tratar todos los temas que ambas partes quieren discutir\u00bb.<\/p>\n<p>\u00abAhora los equipos de ambas canciller\u00eda se sentar\u00e1 a fijar fechas\u00bb, se\u00f1al\u00f3 el jefe del Estado, aunque aclar\u00f3 que se busca \u00abgenerar puentes rumbo a una mesa de di\u00e1logo permanente y en la cual hay que tener mucha tranquilidad porque estos temas llevan a\u00f1os, hay que manejar las ansiedades\u00bb.<\/p>\n<p>\u00abTenemos que dialogar, y desde ese lugar ir llevando la cosa para el lado de que se nos reconozca la soberan\u00eda de las islas. Tenemos que lograr que estas conversaciones comiencen. Estamos en ese camino\u00bb, a\u00f1adi\u00f3 Macri.<\/p>\n<p>Respecto a las alusiones a Malvinas de May durante el \u00abencuentro informal\u00bb con Macri, Malcorra explic\u00f3: \u00abEs dif\u00edcil aclarar al presidente, porque no estuve en la conversaci\u00f3n que tuvo con la primera ministra ni cuando habl\u00f3 con los medios; lo que estoy tratando de hacer es reflejar el esp\u00edritu de la cosa\u00bb, indic\u00f3.<\/p>\n<h6>Fuente: La Capital, Rosario<\/h6>\n","protected":false},"excerpt":{"rendered":"<p>El Foreign Office aclar\u00f3 que en la charla informal entre Theresa May y el presidente no figur\u00f3 la controversia por las islas<\/p>\n","protected":false},"author":2,"featured_media":53832,"comment_status":"closed","ping_status":"closed","sticky":false,"template":"","format":"standard","meta":{"footnotes":""},"categories":[8],"tags":[21],"class_list":["post-53831","post","type-post","status-publish","format-standard","has-post-thumbnail","hentry","category-informe-nacional","tag-argentina"],"_links":{"self":[{"href":"http:\/\/argentinamunicipal.com.ar\/argentina\/wp-json\/wp\/v2\/posts\/53831","targetHints":{"allow":["GET"]}}],"collection":[{"href":"http:\/\/argentinamunicipal.com.ar\/argentina\/wp-json\/wp\/v2\/posts"}],"about":[{"href":"http:\/\/argentinamunicipal.com.ar\/argentina\/wp-json\/wp\/v2\/types\/post"}],"author":[{"embeddable":true,"href":"http:\/\/argentinamunicipal.com.ar\/argentina\/wp-json\/wp\/v2\/users\/2"}],"replies":[{"embeddable":true,"href":"http:\/\/argentinamunicipal.com.ar\/argentina\/wp-json\/wp\/v2\/comments?post=53831"}],"version-history":[{"count":0,"href":"http:\/\/argentinamunicipal.com.ar\/argentina\/wp-json\/wp\/v2\/posts\/53831\/revisions"}],"wp:featuredmedia":[{"embeddable":true,"href":"http:\/\/argentinamunicipal.com.ar\/argentina\/wp-json\/wp\/v2\/media\/53832"}],"wp:attachment":[{"href":"http:\/\/argentinamunicipal.com.ar\/argentina\/wp-json\/wp\/v2\/media?parent=53831"}],"wp:term":[{"taxonomy":"category","embeddable":true,"href":"http:\/\/argentinamunicipal.com.ar\/argentina\/wp-json\/wp\/v2\/categories?post=53831"},{"taxonomy":"post_tag","embeddable":true,"href":"http:\/\/argentinamunicipal.com.ar\/argentina\/wp-json\/wp\/v2\/tags?post=53831"}],"curies":[{"name":"wp","href":"https:\/\/api.w.org\/{rel}","templated":true}]}}