{"id":53865,"date":"2016-09-23T07:18:43","date_gmt":"2016-09-23T10:18:43","guid":{"rendered":"http:\/\/argentinamunicipal.com.ar\/argentina\/?p=53865"},"modified":"2016-09-23T07:18:43","modified_gmt":"2016-09-23T10:18:43","slug":"puestos-trabajo-los-escombros","status":"publish","type":"post","link":"http:\/\/argentinamunicipal.com.ar\/argentina\/puestos-trabajo-los-escombros\/","title":{"rendered":"Puestos de trabajo bajo los escombros"},"content":{"rendered":"<p>Con respecto al mismo mes del a\u00f1o anterior, casi 60 mil personas quedaron desocupadas. La ca\u00edda de la inversi\u00f3n privada en las industrias manufactureras, el freno en la obra p\u00fablica y el desmantelamiento del plan de cr\u00e9ditos para viviendas Pro.Cre.Ar explican el derrumbe.<\/p>\n<p>El nivel de empleo en la construcci\u00f3n registr\u00f3 una baja del 14,1 por ciento durante julio. La informaci\u00f3n publicada ayer por el Instituto de Estad\u00edstica y Registro de la Industria de la Construcci\u00f3n (Ieric) representa la destrucci\u00f3n de 59.868 puestos de trabajo formales en relaci\u00f3n con el mismo mes del a\u00f1o anterior. La ocupaci\u00f3n en la actividad descendi\u00f3 as\u00ed hasta los 365.473 trabajadores registrados, el dato m\u00e1s bajo desde que comenz\u00f3 a hacerse la medici\u00f3n a mediados de 2007. La ca\u00edda de la inversi\u00f3n privada en las industrias manufactureras, el frenazo en la obra p\u00fablica y el desmantelamiento del plan de cr\u00e9ditos para la construcci\u00f3n de viviendas Pro.Cre.Ar son algunos de los elementos que permiten explicar el deterioro del mercado de trabajo en el sector. El guarismo no contabiliza el impacto del actual escenario recesivo sobre los trabajadores precarizados, donde la elevada inestabilidad se exacerba en tiempos de crisis.<\/p>\n<p>Los datos difundidos ayer exponen una ca\u00edda marginal de 0,1 frente a junio y de 10,8 por ciento durante los primeros siete meses. El nivel de la contracci\u00f3n interanual acumulada observada en 2016 es similar a la verificada en 2009, en pleno impacto de la crisis internacional. De acuerdo al Ieric, en ambos episodios se parti\u00f3 de niveles similares de empleo pero, como resultado de la intervenci\u00f3n p\u00fablica a trav\u00e9s de diversas herramientas destinadas a sostener el empleo la ca\u00edda entre octubre de 2008 y julio de 2009 fue de 9,4 por ciento mientras que el mismo recorte reciente revela una contracci\u00f3n de 14,3 por ciento.<\/p>\n<p>A diferencia de los meses anteriores, en julio no se observ\u00f3 una profundizaci\u00f3n del ritmo de contracci\u00f3n que de todas formas se encuentra entre los tres m\u00e1s relevantes de toda la serie. Sin embargo el informe del instituto bipartito donde confluyen el gremio y la c\u00e1mara empresaria advierte que esa \u201cmejora relativa\u201d se explica por las particularidades de la base de comparaci\u00f3n -un efecto estad\u00edstico- y no por un cambio en la tendencia del volumen de ocupaci\u00f3n. \u201cCabe destacar que de no mediar una sustancial modificaci\u00f3n del comportamiento del nivel de empleo, no resulta esperable una mejora en la tendencia de variaci\u00f3n interanual, por lo menos hasta el mes de noviembre\u201d, advierte el documento que expone el escenario de crecientes tensiones laborales donde la construcci\u00f3n tiene un lugar predominante.<\/p>\n<p>Uno de los elementos que explica la contracci\u00f3n del empleo son los menores niveles de obra p\u00fablica. El financiamiento del Estado nacional para inversiones en las provincias registr\u00f3 una retracci\u00f3n de 19,6 por ciento interanual en los primeros siete meses de 2016, una contracci\u00f3n in\u00e9dita en la \u00faltima d\u00e9cada. Sin embargo, desde el Ministerio de Interior y Obras P\u00fablicas aseguraron esta semana que, como consecuencia de una incipiente reactivaci\u00f3n en los desembolsos estatales, la ca\u00edda comenz\u00f3 a amortiguarse en agosto. Al finalizar un encuentro con las principales c\u00e1maras empresarias y representantes del sindicato, la cartera que encabeza Rogelio Frigerio indic\u00f3 que el mes pasado se crearon 5000 nuevos puestos de trabajo. \u201cEn un mes se recuper\u00f3 el 10 por ciento de la ca\u00edda del \u00faltimo a\u00f1o\u201d y en los pr\u00f3ximos meses se consolidar\u00e1 esa tendencia positiva\u201d, prometi\u00f3 el subsecretario de Coordinaci\u00f3n de la Obra P\u00fablica Federal, Ricardo Delgado. Si bien el impulso de la obra p\u00fablica es fundamental, representa una porci\u00f3n de la actividad de la construcci\u00f3n que debe ser acompa\u00f1ada por el sector privado: las inversiones para el montaje de f\u00e1bricas, los desarrollos inmobiliarios, la exploraci\u00f3n petrolera y hasta las refacciones en los hogares. Por eso, aunque relevante y necesaria, la reactivaci\u00f3n de los desembolsos estatales en infraestructura no es suficiente para apuntalar los niveles de empleo en la construcci\u00f3n.<\/p>\n<p>Los datos de la Asociaci\u00f3n de Fabricantes de Cemento Portland (AFCP) mostraron, por primera vez despu\u00e9s de siete meses, un alza interanual en el consumo de cemento. El incremento interanual en agosto fue del 6,8 por ciento y llev\u00f3 el consumo mensual a superar nuevamente la barrera del mill\u00f3n de toneladas, fen\u00f3meno que no acontec\u00eda desde octubre del a\u00f1o pasado. Ese cambio de signo se vio favorecido por el hecho de compararse con el \u00fanico mes de 2015 que hab\u00eda arrojado una variaci\u00f3n negativa (-1,6 por ciento), situaci\u00f3n explicada por las precipitaciones que tuvieron lugar entonces. Pese al freno en la secuencia de retrocesos, la ca\u00edda interanual acumulada en los primeros 8 meses del a\u00f1o sigue siendo la m\u00e1s importante del 2002 a esta parte, pr\u00e1cticamente duplicando a las de 2009 y 2012, y triplicando a la de 2014.<\/p>\n<h6>Fuente: P\u00e1gina 12<\/h6>\n","protected":false},"excerpt":{"rendered":"<p>Con respecto al mismo mes del a\u00f1o anterior, casi 60 mil personas quedaron desocupadas. La ca\u00edda de la inversi\u00f3n privada en las industrias manufactureras, el freno en la obra p\u00fablica y el desmantelamiento del plan de cr\u00e9ditos para viviendas Pro.Cre.Ar explican el derrumbe.<\/p>\n","protected":false},"author":2,"featured_media":53866,"comment_status":"closed","ping_status":"closed","sticky":false,"template":"","format":"standard","meta":{"footnotes":""},"categories":[8],"tags":[21],"class_list":["post-53865","post","type-post","status-publish","format-standard","has-post-thumbnail","hentry","category-informe-nacional","tag-argentina"],"_links":{"self":[{"href":"http:\/\/argentinamunicipal.com.ar\/argentina\/wp-json\/wp\/v2\/posts\/53865","targetHints":{"allow":["GET"]}}],"collection":[{"href":"http:\/\/argentinamunicipal.com.ar\/argentina\/wp-json\/wp\/v2\/posts"}],"about":[{"href":"http:\/\/argentinamunicipal.com.ar\/argentina\/wp-json\/wp\/v2\/types\/post"}],"author":[{"embeddable":true,"href":"http:\/\/argentinamunicipal.com.ar\/argentina\/wp-json\/wp\/v2\/users\/2"}],"replies":[{"embeddable":true,"href":"http:\/\/argentinamunicipal.com.ar\/argentina\/wp-json\/wp\/v2\/comments?post=53865"}],"version-history":[{"count":0,"href":"http:\/\/argentinamunicipal.com.ar\/argentina\/wp-json\/wp\/v2\/posts\/53865\/revisions"}],"wp:featuredmedia":[{"embeddable":true,"href":"http:\/\/argentinamunicipal.com.ar\/argentina\/wp-json\/wp\/v2\/media\/53866"}],"wp:attachment":[{"href":"http:\/\/argentinamunicipal.com.ar\/argentina\/wp-json\/wp\/v2\/media?parent=53865"}],"wp:term":[{"taxonomy":"category","embeddable":true,"href":"http:\/\/argentinamunicipal.com.ar\/argentina\/wp-json\/wp\/v2\/categories?post=53865"},{"taxonomy":"post_tag","embeddable":true,"href":"http:\/\/argentinamunicipal.com.ar\/argentina\/wp-json\/wp\/v2\/tags?post=53865"}],"curies":[{"name":"wp","href":"https:\/\/api.w.org\/{rel}","templated":true}]}}