{"id":53913,"date":"2016-09-23T08:40:47","date_gmt":"2016-09-23T11:40:47","guid":{"rendered":"http:\/\/argentinamunicipal.com.ar\/argentina\/?p=53913"},"modified":"2016-09-23T08:40:47","modified_gmt":"2016-09-23T11:40:47","slug":"santa-fe-sera-sede-del-39-congreso-argentino-horticultura-del-16-al-29-septiembre","status":"publish","type":"post","link":"http:\/\/argentinamunicipal.com.ar\/argentina\/santa-fe-sera-sede-del-39-congreso-argentino-horticultura-del-16-al-29-septiembre\/","title":{"rendered":"Santa Fe ser\u00e1 sede del 39\u00b0 Congreso Argentino de Horticultura del 16 al 29 de septiembre"},"content":{"rendered":"<p>El evento reunir\u00e1 a docentes, investigadores y productores. El Congreso, que se realizar\u00e1 del 26 al 29 de septiembre, fue presentado este martes en una conferencia de prensa que se llev\u00f3 a cabo en el Mercado Norte.<\/p>\n<p>Bajo el lema \u00abValorizaci\u00f3n para nuevas oportunidades\u00bb, se realizar\u00e1 en septiembre en nuestra ciudad el 39\u00b0 Congreso Argentino de Horticultura. La propuesta fue presentada esta ma\u00f1ana en una conferencia de prensa que se desarroll\u00f3 en el Mercado Norte.<\/p>\n<p>En la organizaci\u00f3n del encuentro participan profesionales de la Asociaci\u00f3n Argentina de Horticultura (ASAHO), de las Facultades de Ciencias Agrarias (FCA), de Ingenier\u00eda Qu\u00edmica (FIQ) y de Arquitectura, Dise\u00f1o y Urbanismo (FADU), de la Universidad Nacional del Litoral (UNL); del Gobierno de la ciudad de Santa Fe; del Gobierno de la Provincia de Santa Fe, a trav\u00e9s del Ministerio de la Producci\u00f3n; del Mercado de Productores y Abastecedores de Frutas, Verduras y Hortalizas de Santa Fe S.A.; del Colegio de Ingenieros Agr\u00f3nomos de la provincia de Santa Fe 1\u00ba Circunscripci\u00f3n, y del INTA, Centro Regional Santa Fe.<\/p>\n<p>De la presentaci\u00f3n del encuentro, que contar\u00e1 con asistentes de todo el pa\u00eds y disertantes internacionales, participaron por parte del Gobierno de la Ciudad, la Secretaria de la Producci\u00f3n Soledad Alvarez; el subsecretario de Ganader\u00eda del Ministerio de la Producci\u00f3n, Ra\u00fal Stefanazzi; la secretaria de Ciencia y T\u00e9cnica de UNL, Erika Hynes; el presidente de la comisi\u00f3n organizadora y docente de la Facultad de Ciencias Agrarias, Juan Carlos Favaro; y dem\u00e1s representantes de entidades co-organizadoras.<\/p>\n<p>Ciencia y producci\u00f3n regional<br \/>\n\u00abPara la ciudad de Santa Fe es muy importante ser sede de la 39\u00b0 edici\u00f3n del Congreso Argentino de Horticultura que viene congregando en este espacio de di\u00e1logo e intercambio de ideas en los avances tecnol\u00f3gicos y cient\u00edficos en la materia\u00bb, afirm\u00f3 Soledad \u00c1lvarez. En este sentido, adem\u00e1s de la trascendencia para el desarrollo cient\u00edfico y productivo de la regi\u00f3n, la secretaria municipal destac\u00f3 la importancia para la capital provincial de ser sede de este encuentro nacional, luego de casi 30 a\u00f1os: \u00abEs un Congreso que desde el a\u00f1o 1989 no se realiza en la ciudad, por eso para nosotros es muy importante que hayan elegido Santa Fe como destino por su preparaci\u00f3n para todo este tipo de eventos. Tenemos un Plan Estrat\u00e9gico de Turismo en el cual abordamos uno de esos ejes y, por otro lado, nuestros atractivos tur\u00edsticos, que esperamos que quienes nos visiten puedan conocerlos y por qu\u00e9 no quedarse ese fin de semana a continuaci\u00f3n\u00bb.<\/p>\n<p>Por parte de la UNL, Hynes se refiri\u00f3 a la trascendencia de un encuentro \u00abdonde participan tantas entidades, no solamente acad\u00e9micas sino tambi\u00e9n de productores\u00bb y en el caso de la Universidad son tres unidades acad\u00e9micas las que se suman a esta propuesta. \u00abEsto es interesante porque ya no hablamos solamente de la producci\u00f3n primaria de los productos de la horticultura sino su transformaci\u00f3n en agroalimentos y m\u00e1s recientemente de los estudios de agricultura urbana y periurbana que han emprendido nuestras facultades, y que todo el conocimiento que all\u00ed se discuta luego se pueda hacer un aprovechamiento en el territorio\u00bb, sostuvo Hynes.<\/p>\n<p>Por \u00faltimo, Ra\u00fal Stefanazzi situ\u00f3 la participaci\u00f3n del Ministerio en este encuentro en la tarea que llevan delante de \u00abser parte de todo lo que significa generar alimentos para la poblaci\u00f3n, no dejamos de estar en todas las estrategias de generaci\u00f3n de alimentos sanos, inocuos y con un eje muy fuerte en la sustentabilidad. Todos sabemos que hay que ir mejorando las pr\u00e1cticas productivas, todos sabemos que hay que ir afirmando un paquete tecnol\u00f3gico cada vez m\u00e1s limpio, de banda verde en algunos casos y en esa tarea el ministerio est\u00e1 poniendo todos sus esfuerzos, tanto t\u00e9cnicos como presupuestarios\u00bb.<\/p>\n<p>Detalles sobre el congreso<br \/>\nDel 26 al 29 de septiembre el evento incluir\u00e1 conferencias magistrales y recorridas t\u00e9cnicas a las zonas productoras m\u00e1s destacadas del Cintur\u00f3n Hort\u00edcola de la ciudad de Santa Fe, el Mercado de Productores y Abastecedores de Frutas y Hortalizas, el Albard\u00f3n Costero con su producci\u00f3n de zanahoria, flores y plantas ornamentales y Coronda con Frutillas y Frambuesas.<\/p>\n<p>Durante cuatro d\u00edas se establecer\u00e1 un \u00e1mbito de di\u00e1logo e intercambio en el que productores, docentes, investigadores, estudiantes, profesionales y p\u00fablico en general podr\u00e1n compartir los avances de la investigaci\u00f3n cient\u00edfica en las \u00e1reas de horticultura, fruticultura, floricultura y arom\u00e1ticas.<\/p>\n<p>\u00abHemos reunido dentro de todas las instituciones que est\u00e1n presentes todo el grupo de entidades que hacen al sector de cultivos intensivos, frutas, hortalizas, arom\u00e1ticas y ornamentales para poder organizar este congreso\u00bb, afirm\u00f3 Juan Carlos Favaro. \u00abEste es un congreso que se hace anualmente, es rotativo, se hace en toda la zona de producci\u00f3n de cultivos intensivos de Argentina. Tenemos un programa bastante ajustado, son cuatro d\u00edas en los cuales va a haber conferencias magistrales, con 60 especialistas argentinos y extranjeros, exposici\u00f3n de trabajos cient\u00edficos realizados por investigadores y para cerrar una recorrida en la zona de producci\u00f3n de la regi\u00f3n\u00bb, finaliz\u00f3.<\/p>\n<h6>Fuente: Sin Mordaza<\/h6>\n","protected":false},"excerpt":{"rendered":"<p>El evento reunir\u00e1 a docentes, investigadores y productores. El Congreso, que se realizar\u00e1 del 26 al 29 de septiembre, fue presentado este martes en una conferencia de prensa que se llev\u00f3 a cabo en el Mercado Norte.<\/p>\n","protected":false},"author":2,"featured_media":53914,"comment_status":"closed","ping_status":"closed","sticky":false,"template":"","format":"standard","meta":{"footnotes":""},"categories":[47],"tags":[10],"class_list":["post-53913","post","type-post","status-publish","format-standard","has-post-thumbnail","hentry","category-fiestas","tag-santa-fe"],"_links":{"self":[{"href":"http:\/\/argentinamunicipal.com.ar\/argentina\/wp-json\/wp\/v2\/posts\/53913","targetHints":{"allow":["GET"]}}],"collection":[{"href":"http:\/\/argentinamunicipal.com.ar\/argentina\/wp-json\/wp\/v2\/posts"}],"about":[{"href":"http:\/\/argentinamunicipal.com.ar\/argentina\/wp-json\/wp\/v2\/types\/post"}],"author":[{"embeddable":true,"href":"http:\/\/argentinamunicipal.com.ar\/argentina\/wp-json\/wp\/v2\/users\/2"}],"replies":[{"embeddable":true,"href":"http:\/\/argentinamunicipal.com.ar\/argentina\/wp-json\/wp\/v2\/comments?post=53913"}],"version-history":[{"count":0,"href":"http:\/\/argentinamunicipal.com.ar\/argentina\/wp-json\/wp\/v2\/posts\/53913\/revisions"}],"wp:featuredmedia":[{"embeddable":true,"href":"http:\/\/argentinamunicipal.com.ar\/argentina\/wp-json\/wp\/v2\/media\/53914"}],"wp:attachment":[{"href":"http:\/\/argentinamunicipal.com.ar\/argentina\/wp-json\/wp\/v2\/media?parent=53913"}],"wp:term":[{"taxonomy":"category","embeddable":true,"href":"http:\/\/argentinamunicipal.com.ar\/argentina\/wp-json\/wp\/v2\/categories?post=53913"},{"taxonomy":"post_tag","embeddable":true,"href":"http:\/\/argentinamunicipal.com.ar\/argentina\/wp-json\/wp\/v2\/tags?post=53913"}],"curies":[{"name":"wp","href":"https:\/\/api.w.org\/{rel}","templated":true}]}}