{"id":53950,"date":"2016-09-26T08:14:28","date_gmt":"2016-09-26T11:14:28","guid":{"rendered":"http:\/\/argentinamunicipal.com.ar\/argentina\/?p=53950"},"modified":"2016-09-26T08:14:28","modified_gmt":"2016-09-26T11:14:28","slug":"vuelta-la-calle","status":"publish","type":"post","link":"http:\/\/argentinamunicipal.com.ar\/argentina\/vuelta-la-calle\/","title":{"rendered":"De vuelta en la calle"},"content":{"rendered":"<p>Ante el ajuste y las medidas econ\u00f3micas del Gobierno, los movimientos sociales establecieron nuevas alianzas y comenzaron a coordinar protestas conjuntas. Confluencias, diferencias y debates entre organizaciones que se definen como peronistas, kirchneristas o de izquierda.<\/p>\n<p>\u00bfQu\u00e9 pasa en las organizaciones sociales? El combo de ajuste, despidos y suba de los precios las est\u00e1 sacando otra vez a la calle, pero distintas. En nueve meses de gobierno macrista, cambiaron sus alianzas; est\u00e1n definiendo tambi\u00e9n otros modos de perfilarse y de pensarse a s\u00ed mismas. El violento cambio en las condiciones econ\u00f3micas y pol\u00edticas es una fuerza que las empuja a reactivarse y, al mismo tiempo, a redefinirse. Se trata de un proceso en pleno curso; la recomposici\u00f3n del peronismo le agrega una dificultad extra. Est\u00e1 en discusi\u00f3n con qu\u00e9 intensidad volver a la protesta, junto a qui\u00e9nes, qu\u00e9 hacer hacia dentro y cu\u00e1l es el proyecto propio.<\/p>\n<p>Una recorrida por los movimientos da cuenta de los distintos reposicionamientos.<\/p>\n<p><strong>Triunviratos<\/strong><br \/>\nEntre las novedades m\u00e1s vistosas del mundo de las organizaciones populares est\u00e1 el acompa\u00f1amiento que un sector de las agrupaciones piqueteras viene recibiendo de la Iglesia cat\u00f3lica, ya no de curas d\u00edscolos como el padre Jes\u00fas Olmedo, que cada tanto se crucifica frente a la casa de gobierno de Jujuy en reclamo de trabajo para los pobladores de la puna, sino de la mano del papa Francisco. En el mismo sentido novedoso corre el v\u00ednculo de estas organizaciones con el triunvirato que conduce la CGT.<\/p>\n<p>Este sector est\u00e1 integrado por la Coordinadora de Trabajadores de la Econom\u00eda Popular (CTEP), del Movimiento Evita, que a principios de a\u00f1o se fue del Frente para la Victoria; por Barrios de Pie, que fue parte de los gobiernos kirchneristas hasta 2008 y hoy est\u00e1 cerca del massismo, y la Corriente Clasista y Combativa \u2013del Partido Comunista Revolucionario\u2013, que en cambio fue opositora a la gestiones de N\u00e9stor y Cristina Kirchner.<\/p>\n<p>La CTEP, Barrios de Pie y la CCC fueron las organizaciones que convocaron a la marcha de San Cayetano, el pasado 8 de agosto, que logr\u00f3 una fuerte repercusi\u00f3n. Junto con la Iglesia impulsan adem\u00e1s en el Congreso la sanci\u00f3n de una ley de emergencia social, para aumentar los presupuestos de las \u00e1reas sociales y atender a los afectados por las pol\u00edticas del macrismo. Se reperfilaron r\u00e1pido, son las que m\u00e1s salieron a la calle y lograron mayor visibilidad.<\/p>\n<p>\u201cLo primero que planteamos fue el aguinaldo social, en diciembre, cuando asumi\u00f3 el Gobierno\u201d, repasa Emilio P\u00e9rsico, del Evita. \u201cNos dieron un sueldo dividido en dos cuotas. Despu\u00e9s pedimos otra suma solidaria y conseguimos 400 pesos. En febrero hicimos la unidad con la CCC y Barrios de Pie; despu\u00e9s de muchos a\u00f1os de estar separados nos planteamos la necesidad de encarar juntos este momento\u201d.<\/p>\n<p>A los objetivos de la nueva etapa, P\u00e9rsico los define como gremiales: convertir a sus movimientos sociales en el sindicato de los trabajadores informales. \u201cQueremos construir la representaci\u00f3n de los trabajadores de la econom\u00eda popular. Hoy estamos en otro nivel reivindicativo que en los S90, no peleamos por planes y comida, m\u00e1s all\u00e1 de que haya que hacerlo porque los compa\u00f1eros tienen que comer, pero ese no es nuestro objetivo. No estamos en la vieja l\u00f3gica. Por ejemplo, armamos una obra social que ya tiene 50 mil afiliados y va a crecer mucho m\u00e1s porque vamos a ir juntos con Barrios de Pie y la CCC\u201d.<\/p>\n<p>Juan Carlos Alderete, de la CCC, le pone menos \u00e9nfasis: \u201cHubo cosas en las que nos pusimos de acuerdo r\u00e1pidamente: ninguna organizaci\u00f3n puede enfrentar sola estas pol\u00edticas antipopulares. Pero tenemos diferencias tambi\u00e9n, sobre todo con el proyecto pol\u00edtico que tienen algunas organizaciones&#8230; no es malo que lo tengan, sino que hay que ser claros sobre qu\u00e9 proyecto tiene cada uno. No somos una alianza pol\u00edtica sino de organizaciones, cada una con identidad\u201d, abre el paraguas. Es que llegado el momento, por m\u00e1s perfil gremial que se d\u00e9, el Movimiento Evita y Barrios de Pie saldr\u00e1n a disputar espacios en la interna del peronismo. Con todo, es claro que a la CCC le cabe tanto la cercan\u00eda con la Iglesia como con el peronismo. Y en cambio, da la impresi\u00f3n de que le es trabajoso tener como compa\u00f1era de viaje a la izquierda trotskista. \u201cCada vez la hacen m\u00e1s dif\u00edcil, con ataques, pol\u00e9micas, cuestionamientos&#8230; \u00a1son tan inflexibles! Hace poco fui recibido por el Papa y poco m\u00e1s dicen que le fuimos a pedir algo (Donald) Trump\u201d. \u201cNo se puede pensar en lograr ning\u00fan cambio sin la comunidad cat\u00f3lica ni las masas peronistas\u201d, completa.<\/p>\n<p>Daniel Men\u00e9ndez, de Barrios de Pie, reafirma el perfil del grupo con un palito a la CTA: \u201cBuscamos la manera de pararnos en las reivindicaciones de los trabajadores precarizados. Ah\u00ed hay un vac\u00edo de representaci\u00f3n que en otro momento hist\u00f3rico se canaliz\u00f3 bajo el paraguas de la CTA; pero hoy eso est\u00e1 diluido\u201d.<\/p>\n<p><strong>La izquierda<\/strong><br \/>\nLos movimientos piqueteros de los partidos de izquierda \u2013como el Polo Obrero, del Partido Obrero, y el Teresa Vive, del Movimiento Socialista de los Trabajadores\u2013 vienen saliendo desde hace a\u00f1os, en una especie de frente de acci\u00f3n com\u00fan, con otras agrupaciones surgidas de la izquierda no partidaria, como el Frente Dar\u00edo Santill\u00e1n y la Federaci\u00f3n de Organizaciones de Base (anarquistas con trabajo en Rosario y Buenos Aires).<\/p>\n<p>\u201cSomos muy cr\u00edticos de planteos como los de la CTEP, porque las leyes de emergencia social ven al desocupado como a un sujeto a asistir socialmente\u201d, se diferencia de movida Eduardo Belliboni, del Polo Obrero. \u201cPara nosotros, lo que hay que hacer es dar la lucha por el trabajo, unirnos a la clase obrera y en todo caso discutir un seguro de desempleo, que es el planteo hist\u00f3rico, cl\u00e1sico, del movimiento piquetero\u201d.<\/p>\n<p>El dirigente cuestiona el acercamiento de esas organizaciones a la CGT: \u201cEs para continuar con la tregua \u2013dice\u2013. Macri vet\u00f3 la ley antidespidos, tampoco modific\u00f3 la escala de Ganancias, no reabre las paritarias y la CGT sigue postergando el paro\u201d.<\/p>\n<p>En el Frente Dar\u00edo Santill\u00e1n no descartan, en cambio, una posible convergencia con el sector de la CTEP. \u201cNo fuimos a San Cayetano, pero s\u00ed estuvimos todos en la marcha federal, fue un punto de masividad y encuentro\u201d, se\u00f1ala Federico Orchani. \u00bfY por qu\u00e9 a San Cayetano no? Por cierta desconfianza hacia El Vaticano y la figura de Bergoglio. \u201cEl proyecto de la Iglesia ha sido siempre el de funcionalizar el conflicto y frenar la movilizaci\u00f3n. Y esto es lo que ha hecho la CTEP en alguna circunstancia: en diciembre del a\u00f1o pasado, por ejemplo, cuando reprimieron a los trabajadores de Cresta Roja, se hab\u00eda convocado para el d\u00eda anterior a una marcha unitaria a la Plaza de Mayo. La CTEP se baj\u00f3 porque (el ministro de Trabajo) Jorge Triaca los hab\u00eda recibido y hab\u00edan negociado un aumento muy poco significativo para fin de a\u00f1o. Todo eso genera diferencias, recelos&#8230; pero si nos tenemos que encontrar en la calle contra el Gobierno lo vamos a hacer, aunque es dif\u00edcil que esto ocurra con otras fuerzas como el PO, porque est\u00e1n atravesados tambi\u00e9n por la agenda electoral e incluso por algo que divide aguas que es el kirchnerismo\u201d.<\/p>\n<p>Tambi\u00e9n el FDS, que integr\u00f3 en las \u00faltimas elecciones las listas del FIT (del Partido Obrero, Partido de los Trabajadores Socialistas e Izquierda Socialista), aunque de una manera casi testimonial. \u201cPara no- sotros, ser\u00eda ideal que llame a una unidad mayor\u201d, cierra Orchani.<\/p>\n<p><strong>Sacudones<\/strong><br \/>\nEn otros dos grupos, todav\u00eda con muchos sacudones internos, est\u00e1n las organizaciones sociales kirchneristas. De hecho, Unidos y Organizados se desarticul\u00f3.<\/p>\n<p>Por un lado se est\u00e1n reuniendo el Movimiento de Unidad Popular (MUP), la Mart\u00edn Fierro, el Peronismo 26 de julio, los Descamisados y Octubres. \u201cEstamos volviendo a acomodar los huesos\u201d, dice Quito Arag\u00f3n, de la Mart\u00edn Fierro. \u201cNos hemos movilizado juntos en las marchas grandes, y tenemos un proceso de discusi\u00f3n en muchos distritos, porque hay que conformar una nueva teor\u00eda revolucionaria desde nuestro espacio, el de la izquierda peronista y la izquierda revolucionaria\u201d. Arag\u00f3n admite que se los ve poco en la calle: \u201cEstamos reacomod\u00e1ndonos, esa es parte de la realidad. Tambi\u00e9n que en estos 15 a\u00f1os dejamos de ser una fuerza vinculada a lo estrictamente social para ser una fuerza m\u00e1s anal\u00f3gica de la pol\u00edtica. Venimos laburando mucho lo sindical, estamos vinculados a la Corriente Federal de Trabajadores (que lidera el cegetista Sergio Palazzo, de La Bancaria). Los reclamos que se hacen desde ah\u00ed tienen menos visibilidad\u201d.<\/p>\n<p>Federico Martelli apunta que en el MUP decidieron profundizar el trabajo en el territorio. Pero lo hicieron armando nuevas organizaciones (el FOP, Frente de Organizaciones Populares), \u201cen cambio, preservamos al MUP como organizaci\u00f3n pol\u00edtica del peronismo. Trabajamos con los intendentes del grupo F\u00e9nix y del grupo Esmeralda, estamos encarando el peronismo desde ah\u00ed. Es que aunque sigamos con trabajo en el territorio y con las cooperativas, muchos nos hemos corrido del viejo lugar de las organizaciones sociales: nos van a encontrar m\u00e1s en la discusi\u00f3n pol\u00edtica partidaria\u201d.<\/p>\n<p>\u00bfPor qu\u00e9? A grandes rasgos, porque hay una lectura: \u201cLa CGT va a hacer su trabajo, va a incrementar el nivel de conflicto y se va a empezar a construir la crisis de este modelo. Los movimientos sociales tambi\u00e9n van a ir haciendo su trabajo, y a todo eso que suceda desde abajo va a haber que darle una salida pol\u00edtica, que es compleja porque el peronismo est\u00e1 desorganizado\u201d.<\/p>\n<p>En otro sector, cercano pero todav\u00eda no uno solo, est\u00e1 la FTV de Luis D\u2019El\u00eda. \u201cLa FTV ha abierto su partido, Miles, y ha incorporado un mont\u00f3n de figuras: Boudou, Mariotto, Marcelo Parrilli, Fernando Vaca Narvaja, Osvaldo Papaleo, Carolina Papaleo, Julio C\u00e9sar Urien. En ese contexto estamos trabajando con Quebracho y el Movimiento 22 de Agosto, de la zona sur\u201d, apunta D\u2019El\u00eda.<\/p>\n<p>Los dos sectores est\u00e1n teniendo di\u00e1logo con el kirchnerismo para discutir pol\u00edtica. \u201cNosotros bancamos los doce a\u00f1os de Cristina, no renegamos de eso, pero hoy no nos definimos como kirchneristas sino como peronistas\u201d, dice uno de los dirigentes del primer grupo. \u201cTenemos que discutir el futuro y el tipo de conducci\u00f3n, porque no nos va a llevar para adelante como nos trajo hasta ac\u00e1: si nos va a poner a La C\u00e1mpora como intermediaci\u00f3n, no\u201d.<\/p>\n<p>\u00bfDesaparecieron las organizaciones autonomistas, que marcaron el fin de los 90 corri\u00e9ndose de la pelea por el poder del Estado? Neka Jara, ex integrante del MTD de Solano, dice que hoy trabajan \u201cen redes armadas de otra manera, no con el tama\u00f1o de las organizaciones grandes\u201d. Jara est\u00e1 ahora en el movimiento de colectivos Maxi Kosteki, \u201cuna red de salud comunitaria, autogesti\u00f3n de la tierra para producir alimentos org\u00e1nicos, emprendimientos productivos y talleres culturales. Tenemos un enfoque m\u00e1s comunitario, un enfoque integral\u201d.<\/p>\n<p><strong>Herramientas<\/strong><br \/>\nM\u00e1s all\u00e1 de los reagrupamientos, vale se\u00f1alar otros cambios de los movimientos en la manera de pensarse a s\u00ed mismos. Por ejemplo, todos \u2013hasta el MUP, que naci\u00f3 anarquista\u2013, hoy tienen su propio partido pol\u00edtico y lo consideran una herramienta imprescindible. La Agrupaci\u00f3n Mart\u00edn Fierro tiene el partido Mart\u00edn Fierro; el FTV, Miles; el Frente Dar\u00edo Santill\u00e1n, Pueblo en Marcha&#8230; y as\u00ed se los podr\u00eda recorrer a todos.<\/p>\n<p>No hay que perder de vista que las organizaciones surgieron del fen\u00f3meno contrario, del descreimiento y rechazo a los partidos. A fines de los 90, los punteros del peronismo se corrieron de las unidades b\u00e1sicas para sumarse a las organizaciones piqueteras, y eso fue determinante para su consolidaci\u00f3n.<\/p>\n<p>Por otra parte, si bien el trabajo en el territorio sigue \u2013de hecho, retomado en estos meses de p\u00e9rdida de empleos con la apertura de comedores y merenderos\u2013 hay una intenci\u00f3n muy n\u00edtida de acentuar, en la definici\u00f3n de \u201ctrabajador desocupado\u201d con que nacieron las organizaciones piqueteras, m\u00e1s la T que la D. Hay cooperativas, emprendimientos, obras de construcci\u00f3n para el Estado, y \u00e9se es un piso que nadie quiere perder. Esa intenci\u00f3n tiene como contrapartida el reconocimiento que hace la propia CGT sobre su error de haber dado la espalda a los desocupados.<\/p>\n<p>En este mismo sentido, hay que agregar que otros movimientos sociales tuvieron otro tipo de desarrollo: por ejemplo, el Frente Dar\u00edo Santill\u00e1n con sus bachilleratos populares. Es decir que son organizaciones m\u00e1s complejas y con demandas m\u00e1s amplias.<\/p>\n<p>La gran pregunta para todas es c\u00f3mo convertir organizaci\u00f3n social en fuerza pol\u00edtica. \u201cEsto es muy dif\u00edcil en la Argentina\u201d, apunta P\u00e9rsico. \u201cEl peronismo fue la \u00fanica expresi\u00f3n fuerte de unidad del poder social y pol\u00edtico. No es lo mismo que en Bolivia, donde los dirigentes sociales llegan a cargos pol\u00edticos. Ac\u00e1 pas\u00f3 s\u00f3lo con el peronismo: uno pod\u00eda ver c\u00f3mo muchos de los intendentes viejos ven\u00edan del sindicalismo o hab\u00edan trabajado en la villa, o vivido en villa&#8230; hoy en d\u00eda a ese proceso no se lo ve\u201d.<\/p>\n<p>\u201cNosotros tenemos un proceso abierto de discusiones en muchos distritos, porque creemos que tenemos que conformar una nueva teor\u00eda revolucionaria desde nuestro espacio\u201d, apunta Arag\u00f3n. D\u2019El\u00eda agrega que \u201ca diferencia del 2000, no queremos que la transici\u00f3n democr\u00e1tica nos agarre en babia, que hagamos el gasto en la calle y despu\u00e9s venga la pol\u00edtica tradicional y se lleve nuestras luchas. Queremos que sea al rev\u00e9s, conservar la disputa social pero ir construyendo una salida pol\u00edtica\u201d.<\/p>\n<p>\u201cEs muy dif\u00edcil hoy ver cu\u00e1l es el lugar en la pol\u00edtica institucional\u201d, indica Martelli. \u201cTenemos que trabajar en el territorio para que la crisis social no desemboque en una crisis que haga crecer la falta de representaci\u00f3n. Pero tambi\u00e9n hay que trabajar en la pol\u00edtica partidaria para volver a construir una mayor\u00eda.\u201d<\/p>\n<h6>Fuente: P\u00e1gina 12<\/h6>\n","protected":false},"excerpt":{"rendered":"<p>Ante el ajuste y las medidas econ\u00f3micas del Gobierno, los movimientos sociales establecieron nuevas alianzas y comenzaron a coordinar protestas conjuntas. Confluencias, diferencias y debates entre organizaciones que se definen como peronistas, kirchneristas o de izquierda.<\/p>\n","protected":false},"author":2,"featured_media":53951,"comment_status":"closed","ping_status":"closed","sticky":false,"template":"","format":"standard","meta":{"footnotes":""},"categories":[8],"tags":[21],"class_list":["post-53950","post","type-post","status-publish","format-standard","has-post-thumbnail","hentry","category-informe-nacional","tag-argentina"],"_links":{"self":[{"href":"http:\/\/argentinamunicipal.com.ar\/argentina\/wp-json\/wp\/v2\/posts\/53950","targetHints":{"allow":["GET"]}}],"collection":[{"href":"http:\/\/argentinamunicipal.com.ar\/argentina\/wp-json\/wp\/v2\/posts"}],"about":[{"href":"http:\/\/argentinamunicipal.com.ar\/argentina\/wp-json\/wp\/v2\/types\/post"}],"author":[{"embeddable":true,"href":"http:\/\/argentinamunicipal.com.ar\/argentina\/wp-json\/wp\/v2\/users\/2"}],"replies":[{"embeddable":true,"href":"http:\/\/argentinamunicipal.com.ar\/argentina\/wp-json\/wp\/v2\/comments?post=53950"}],"version-history":[{"count":0,"href":"http:\/\/argentinamunicipal.com.ar\/argentina\/wp-json\/wp\/v2\/posts\/53950\/revisions"}],"wp:featuredmedia":[{"embeddable":true,"href":"http:\/\/argentinamunicipal.com.ar\/argentina\/wp-json\/wp\/v2\/media\/53951"}],"wp:attachment":[{"href":"http:\/\/argentinamunicipal.com.ar\/argentina\/wp-json\/wp\/v2\/media?parent=53950"}],"wp:term":[{"taxonomy":"category","embeddable":true,"href":"http:\/\/argentinamunicipal.com.ar\/argentina\/wp-json\/wp\/v2\/categories?post=53950"},{"taxonomy":"post_tag","embeddable":true,"href":"http:\/\/argentinamunicipal.com.ar\/argentina\/wp-json\/wp\/v2\/tags?post=53950"}],"curies":[{"name":"wp","href":"https:\/\/api.w.org\/{rel}","templated":true}]}}