{"id":53992,"date":"2016-09-28T07:08:30","date_gmt":"2016-09-28T10:08:30","guid":{"rendered":"http:\/\/argentinamunicipal.com.ar\/argentina\/?p=53992"},"modified":"2016-09-28T07:08:30","modified_gmt":"2016-09-28T10:08:30","slug":"huelga-reclamos-pais","status":"publish","type":"post","link":"http:\/\/argentinamunicipal.com.ar\/argentina\/huelga-reclamos-pais\/","title":{"rendered":"Huelga y reclamos en todo el pa\u00eds"},"content":{"rendered":"<p>ATE, Ctera y la Federaci\u00f3n Nacional Docente cumplieron la medida de fuerza con alto acatamiento. Hubo dos manifestaciones centrales en Capital, frente al Congreso y el Ministerio de Educaci\u00f3n, adem\u00e1s de actos y movilizaciones en varias provincias.<\/p>\n<p>Docentes y estatales coincidieron ayer en un paro nacional que tuvo como reclamo central la reapertura de paritarias. \u201cHemos perdido poder adquisitivo producto de la inflaci\u00f3n. Los salarios bajan y el Gobierno sigue atendiendo \u00fanicamente a los m\u00e1s ricos\u201d, describi\u00f3 el secretario general de Suteba, Roberto Baradel, quien resalt\u00f3 que el acatamiento fue \u201cun\u00e1nime\u201d entre los docentes. El secretario general de ATE, Hugo \u201cCachorro\u201d Godoy, celebr\u00f3 la \u201cunidad\u201d entre los gremios (en su mayor\u00eda, de ambas CTA, y en menor medida de la CGT) y el \u201ccar\u00e1cter federal\u201d de la medida de fuerza, que abarc\u00f3 varias ciudades del interior del pa\u00eds y tuvo como epicentro dos actos en Capital Federal, uno frente al Congreso y otro en las puertas del Ministerio de Educaci\u00f3n.<\/p>\n<p>ATE, la Ctera, y la Federaci\u00f3n Nacional Docente garantizaron el grueso del paro en casi todo el pa\u00eds. La huelga se sinti\u00f3 con fuerza en la provincia de Buenos Aires, donde tambi\u00e9n pararon los judiciales y los m\u00e9dicos del Cicop, gremio que viene de realizar un paro de 48 horas hace dos semanas. El Sindicato Argentino de Docentes Privados (Sadop) par\u00f3 en Santa Fe y Entre R\u00edos, y sum\u00f3 su columna en el acto frente al Congreso. Hubo movilizaciones, actos p\u00fablicos y radios abiertas en las capitales de R\u00edo Negro, Chubut, Misiones, Santa Cruz, La Pampa, C\u00f3rdoba y Entre R\u00edos.<\/p>\n<p>\u201cEl atraso de los salarios frente a la inflaci\u00f3n es grav\u00edsimo. En el caso de los estatales, el paro es tanto contra el gobierno nacional como contra las gobernaciones y los municipios, que deben reabrir la negociaci\u00f3n salarial y reincorporar a los despedidos\u201d, sostuvo Godoy. Para el secretario general de ATE, la medida de fuerza de ayer \u201cmostr\u00f3 que hay una voluntad creciente de organizaci\u00f3n de los trabajadores\u201d y dej\u00f3 como balance \u201cque puede haber unidad en la acci\u00f3n entre los gremios\u201d.<\/p>\n<p>Entre los docentes, \u201cel reclamo fue un\u00e1nime\u201d, asegur\u00f3 a P\u00e1gina\/12 el secretario general de Suteba, Roberto Baradel, quien calcul\u00f3 un acatamiento del 90 por ciento en todo el pa\u00eds y de un 93 por ciento en la provincia de Buenos Aires. \u201cEl Gobierno est\u00e1 incumpliendo un acuerdo paritario\u201d, sostuvo en relaci\u00f3n con la cl\u00e1usula de monitoreo de la inflaci\u00f3n, firmada durante las negociaciones previas al inicio de las clases, y a la que apelan los docentes para exigirles a las autoridades que se sienten a dialogar.<\/p>\n<p>Otro reclamo de los docentes tiene que ver con la \u201cinversi\u00f3n necesaria para la escuela p\u00fablica\u201d: exigen que el presupuesto educativo llegue al 10 por ciento del PBI. Los maestros rechazan la pol\u00edtica educativa de Cambiemos en su totalidad: \u201cQuieren imponernos peores condiciones de trabajo, flexibilizaci\u00f3n laboral, bajos salarios y, as\u00ed, ir generando las condiciones para la privatizaci\u00f3n\u201d, asegur\u00f3 Baradel. Con la consigna de la defensa de la educaci\u00f3n p\u00fablica, preparan una \u201cmarcha federal docente\u201d, en la que buscar\u00e1n confluir en Plaza de Mayo con los estudiantes, los no docentes y toda la comunidad educativa.<\/p>\n<p>Los estatales fueron uno de los sectores m\u00e1s golpeados: cerraron un aumento del 27 por ciento en tres cuotas, a lo que hay que sumarle m\u00e1s de 30 mil despidos que se produjeron en el Poder Ejecutivo nacional y en las provincias.<\/p>\n<p>Ayer, los uni\u00f3 a los maestros un reclamo com\u00fan: la reincorporaci\u00f3n de los 200 despedidos de hace un mes en el Ministerio de Educaci\u00f3n y el refinanciamiento de los programas socioeducativos, vaciados de personal y cuyos presupuestos fueron subejecutados. \u201cRechazamos los despidos en Educaci\u00f3n, que afectan \u00e1reas clave para sostener las pol\u00edticas p\u00fablicas, pero tambi\u00e9n acompa\u00f1amos el reclamo de los docentes por la reapertura de paritarias, como exigimos los estatales y como exigen todos los trabajadores\u201d, indic\u00f3 a este diario el secretario general de ATE Capital, Daniel Catalano.<\/p>\n<p>La medida de fuerza \u201cfue la continuidad de un camino que estamos recorriendo en conjunto gremios de la CGT y la CTA y que creemos debe decantar en un paro general\u201d, agreg\u00f3 Baradel. \u201cEsperamos que la CGT defina el paro \u2013agreg\u00f3 Catalano\u2013 para sumarnos desde todos los sectores.\u201d<\/p>\n<h6>Fuente: P\u00e1gina 12<\/h6>\n","protected":false},"excerpt":{"rendered":"<p>ATE, Ctera y la Federaci\u00f3n Nacional Docente cumplieron la medida de fuerza con alto acatamiento. Hubo dos manifestaciones centrales en Capital, frente al Congreso y el Ministerio de Educaci\u00f3n<\/p>\n","protected":false},"author":2,"featured_media":53993,"comment_status":"closed","ping_status":"closed","sticky":false,"template":"","format":"standard","meta":{"footnotes":""},"categories":[8],"tags":[21],"class_list":["post-53992","post","type-post","status-publish","format-standard","has-post-thumbnail","hentry","category-informe-nacional","tag-argentina"],"_links":{"self":[{"href":"http:\/\/argentinamunicipal.com.ar\/argentina\/wp-json\/wp\/v2\/posts\/53992","targetHints":{"allow":["GET"]}}],"collection":[{"href":"http:\/\/argentinamunicipal.com.ar\/argentina\/wp-json\/wp\/v2\/posts"}],"about":[{"href":"http:\/\/argentinamunicipal.com.ar\/argentina\/wp-json\/wp\/v2\/types\/post"}],"author":[{"embeddable":true,"href":"http:\/\/argentinamunicipal.com.ar\/argentina\/wp-json\/wp\/v2\/users\/2"}],"replies":[{"embeddable":true,"href":"http:\/\/argentinamunicipal.com.ar\/argentina\/wp-json\/wp\/v2\/comments?post=53992"}],"version-history":[{"count":0,"href":"http:\/\/argentinamunicipal.com.ar\/argentina\/wp-json\/wp\/v2\/posts\/53992\/revisions"}],"wp:featuredmedia":[{"embeddable":true,"href":"http:\/\/argentinamunicipal.com.ar\/argentina\/wp-json\/wp\/v2\/media\/53993"}],"wp:attachment":[{"href":"http:\/\/argentinamunicipal.com.ar\/argentina\/wp-json\/wp\/v2\/media?parent=53992"}],"wp:term":[{"taxonomy":"category","embeddable":true,"href":"http:\/\/argentinamunicipal.com.ar\/argentina\/wp-json\/wp\/v2\/categories?post=53992"},{"taxonomy":"post_tag","embeddable":true,"href":"http:\/\/argentinamunicipal.com.ar\/argentina\/wp-json\/wp\/v2\/tags?post=53992"}],"curies":[{"name":"wp","href":"https:\/\/api.w.org\/{rel}","templated":true}]}}