{"id":54255,"date":"2016-10-03T08:33:22","date_gmt":"2016-10-03T11:33:22","guid":{"rendered":"http:\/\/argentinamunicipal.com.ar\/argentina\/?p=54255"},"modified":"2016-10-03T08:33:22","modified_gmt":"2016-10-03T11:33:22","slug":"gobernador-rios-pidio-mas-austeridad-funcionarios-lograr-equilibrio-fiscal","status":"publish","type":"post","link":"http:\/\/argentinamunicipal.com.ar\/argentina\/gobernador-rios-pidio-mas-austeridad-funcionarios-lograr-equilibrio-fiscal\/","title":{"rendered":"El gobernador de Entre R\u00edos\u00a0pidi\u00f3 m\u00e1s austeridad a sus funcionarios \u00abpara lograr equilibrio fiscal\u00bb"},"content":{"rendered":"<p>\u00abHe pedido a todos mis funcionarios que colaboren haciendo todas las econom\u00edas y los ahorros necesarios para poner en equilibrio fiscal a la provincia\u00bb, afirm\u00f3 el Gobernador. Adem\u00e1s, habl\u00f3 de la posibilidad de acortar el cronograma de pago.<\/p>\n<p>Como \u00abmuy intenso\u00bb anticip\u00f3 el gobernador Gustavo Bordet el \u00faltimo trimestre de 2016. Pidi\u00f3 m\u00e1s austeridad a su equipo de gobierno en el manejo de los fondos p\u00fablicos e inst\u00f3 a \u00abseguir trabajando fuertemente para poner en pie esta provincia que tiene un potencial productivo enorme\u00bb.<\/p>\n<p>Ante su gabinete de ministros el mandatario se\u00f1al\u00f3 que se pondr\u00e1n en marcha nuevas medidas de ordenamiento y control del gasto, del mismo modo se generar\u00e1n acciones para ampliar la base tributaria evitando la evasi\u00f3n y sin aumentar la presi\u00f3n impositiva.<br \/>\n\u00abEstamos poniendo en m\u00e1ximo esfuerzo para lograr equilibrio fiscal y presupuestario, reducir la brecha entre ingresos y egresos, y sostener el funcionamiento del Estado y las fuentes de trabajo\u00bb, afirm\u00f3.<\/p>\n<p>\u00abLe he pedido a todos mis funcionarios que colaboren haciendo todas las econom\u00edas y los ahorros necesarios para poner en equilibrio fiscal a la provincia. Es algo con lo que me compromet\u00ed cuando asum\u00ed y estamos trabajando fuertemente para lograr este equilibrio, con austeridad, con una gran responsabilidad en el manejo de los recursos p\u00fablicos\u00bb, expres\u00f3.<\/p>\n<p>\u00abNo hemos despedido absolutamente a nadie, pero tambi\u00e9n tenemos que ser responsables con los aumentos salariales que damos para poder cumplirlos\u00bb, subray\u00f3.<br \/>\n\u00abEstamos haciendo enormes esfuerzos para poder acortar el cronograma de pago a nuestros trabajadores p\u00fablicos y a los jubilados, y entiendo que con los frutos de las medidas que estamos tomando podr\u00e1n verse el a\u00f1o pr\u00f3ximo\u00bb.<\/p>\n<p>Sobre la emisi\u00f3n del cr\u00e9dito internacional cuya autorizaci\u00f3n la provincia est\u00e1 gestionando ante Naci\u00f3n, Bordet dijo que est\u00e1 a definirse en los pr\u00f3ximos d\u00edas. \u00abEstamos viendo si se hace en una etapa o se hace en dos y el tiempo en el cual salir con la emisi\u00f3n. Este cr\u00e9dito nos va a poder posibilitar en la provincia no s\u00f3lo resolver algunos temas financieros sino generar obra p\u00fablica que significa m\u00e1s empleo\u00bb.<br \/>\n\u00abNecesitamos una inyecci\u00f3n financiera para poder avanzar en muchos proyectos que tenemos y que est\u00e1n a la b\u00fasqueda de financiamiento. Por eso entendemos como importante y prioritario poder contar con la posibilidad de esta naturaleza que tambi\u00e9n nos permita tomar a una tasa, mucho m\u00e1s baja de la que est\u00e1 hoy en el mercado\u00bb, dijo finalmente Bordet.<\/p>\n<h6>Fuente: El Once<\/h6>\n","protected":false},"excerpt":{"rendered":"<p>\u00abHe pedido a todos mis funcionarios que colaboren haciendo todas las econom\u00edas y los ahorros necesarios para poner en equilibrio fiscal a la provincia\u00bb, afirm\u00f3 el Gobernador.<\/p>\n","protected":false},"author":2,"featured_media":54256,"comment_status":"closed","ping_status":"closed","sticky":false,"template":"","format":"standard","meta":{"footnotes":""},"categories":[65],"tags":[17],"class_list":["post-54255","post","type-post","status-publish","format-standard","has-post-thumbnail","hentry","category-provincias","tag-entre-rios"],"_links":{"self":[{"href":"http:\/\/argentinamunicipal.com.ar\/argentina\/wp-json\/wp\/v2\/posts\/54255","targetHints":{"allow":["GET"]}}],"collection":[{"href":"http:\/\/argentinamunicipal.com.ar\/argentina\/wp-json\/wp\/v2\/posts"}],"about":[{"href":"http:\/\/argentinamunicipal.com.ar\/argentina\/wp-json\/wp\/v2\/types\/post"}],"author":[{"embeddable":true,"href":"http:\/\/argentinamunicipal.com.ar\/argentina\/wp-json\/wp\/v2\/users\/2"}],"replies":[{"embeddable":true,"href":"http:\/\/argentinamunicipal.com.ar\/argentina\/wp-json\/wp\/v2\/comments?post=54255"}],"version-history":[{"count":0,"href":"http:\/\/argentinamunicipal.com.ar\/argentina\/wp-json\/wp\/v2\/posts\/54255\/revisions"}],"wp:featuredmedia":[{"embeddable":true,"href":"http:\/\/argentinamunicipal.com.ar\/argentina\/wp-json\/wp\/v2\/media\/54256"}],"wp:attachment":[{"href":"http:\/\/argentinamunicipal.com.ar\/argentina\/wp-json\/wp\/v2\/media?parent=54255"}],"wp:term":[{"taxonomy":"category","embeddable":true,"href":"http:\/\/argentinamunicipal.com.ar\/argentina\/wp-json\/wp\/v2\/categories?post=54255"},{"taxonomy":"post_tag","embeddable":true,"href":"http:\/\/argentinamunicipal.com.ar\/argentina\/wp-json\/wp\/v2\/tags?post=54255"}],"curies":[{"name":"wp","href":"https:\/\/api.w.org\/{rel}","templated":true}]}}