{"id":54794,"date":"2016-10-19T07:24:38","date_gmt":"2016-10-19T10:24:38","guid":{"rendered":"http:\/\/argentinamunicipal.com.ar\/argentina\/?p=54794"},"modified":"2016-10-19T07:24:38","modified_gmt":"2016-10-19T10:24:38","slug":"la-intendenta-rosario-expuso-ecuador-los-desafios-los-gobiernos-locales","status":"publish","type":"post","link":"http:\/\/argentinamunicipal.com.ar\/argentina\/la-intendenta-rosario-expuso-ecuador-los-desafios-los-gobiernos-locales\/","title":{"rendered":"La intendenta de Rosario expuso en Ecuador sobre los desaf\u00edos de los gobiernos locales"},"content":{"rendered":"<p>Particip\u00f3 de la Cumbre ONU-H\u00e1bitat III en Quito, donde debati\u00f3 en diferentes foros de intercambio y cooperaci\u00f3n.<\/p>\n<p>Rosario, representada por la intendenta M\u00f3nica Fein, particip\u00f3 activamente de distintos espacios de debate e intercambio de experiencias en el marco de la Cumbre H\u00e1bitat III, Conferencia de las Naciones Unidas sobre Vivienda y Desarrollo Urbano Sostenible que tuvo lugar en Quito, Ecuador. En paralelo a ese encuentro se sucedieron el X Foro Iberoamericano de Gobiernos Locales; la Asamblea Mundial de Gobiernos Locales y el Panel en la Asamblea Nacional, donde se abordaron pol\u00edticas de igualdad de g\u00e9nero.<\/p>\n<p>En dichas instancias, Fein se destac\u00f3 con su participaci\u00f3n en debates y paneles en su car\u00e1cter de miembro de la delegaci\u00f3n oficial de Argentina que encabez\u00f3 el ministro del Interior, Rogelio Frigerio, y tambi\u00e9n como vicepresidenta de Mercociudades y su reciente designaci\u00f3n como vicepresidenta para Am\u00e9rica latina de la red CGLU (Ciudades y Gobiernos Locales Unidos) en la 5\u00aa Cumbre de Bogot\u00e1, Colombia.<\/p>\n<p>Cooperaci\u00f3n. El Foro Iberoamericano de Gobiernos Locales es una iniciativa conjunta de la Secretar\u00eda General Iberoamericana; la Uni\u00f3n de Ciudades Capitales de Iberoam\u00e9rica; Mercociudades y otras redes de cooperaci\u00f3n birregionales entre ciudades. En esta oportunidad, Fein comparti\u00f3 debate con el director ejecutivo de ONU H\u00e1bitat, Jean Closse; la alcaldesa de Madrid, Manuela Carmela; el alcalde de Quito, Mauricio Rodas; y la secretaria general iberoamericana, Rebeca Grisman. El encuentro se realiz\u00f3 en el convento de San Francisco, patrimonio de la humanidad, ubicado en el centro de la ciudad.<\/p>\n<p>El debate gir\u00f3 en torno a la conclusi\u00f3n del documento que ser\u00e1 enviado a ONU H\u00e1bitat III, sobre la base de las demandas actuales y el derecho al acceso al financiamiento de los gobiernos locales, tanto desde una perspectiva de los pactos fiscales como desde la capacidad de generar tributos; y el acceso al financiamiento internacional.<\/p>\n<p>El documento aprobado como conclusi\u00f3n del X Foro Iberoamericano se\u00f1ala que el mundo presenta grandes retos para los gobiernos locales con \u00abluces y sombras; luces, porque la tarea de la gesti\u00f3n p\u00fablica al territorio ofrece la oportunidad de prestar mejores servicios y sombras, porque el rol de asumir m\u00e1s competencias no suele ir acompa\u00f1ado de la transferencia de los recursos necesarios para su financiaci\u00f3n por parte del Estado ni de la creaci\u00f3n de sinergias entre los distintos niveles de la administraci\u00f3n estatal\u00bb.<\/p>\n<p><strong>Diversidad<\/strong><\/p>\n<p>\u00abEl cambio clim\u00e1tico que amenaza la sostenibilidad humana y la de los ecosistemas\u00bb, se indic\u00f3 en el pronunciamiento.<\/p>\n<h6>Fuente: La Capital Rosario<\/h6>\n","protected":false},"excerpt":{"rendered":"<p>Particip\u00f3 de la Cumbre ONU-H\u00e1bitat III en Quito, donde debati\u00f3 en diferentes foros de intercambio y cooperaci\u00f3n.<\/p>\n","protected":false},"author":2,"featured_media":54795,"comment_status":"closed","ping_status":"closed","sticky":false,"template":"","format":"standard","meta":{"footnotes":""},"categories":[2],"tags":[10],"class_list":["post-54794","post","type-post","status-publish","format-standard","has-post-thumbnail","hentry","category-informe-municipal","tag-santa-fe"],"_links":{"self":[{"href":"http:\/\/argentinamunicipal.com.ar\/argentina\/wp-json\/wp\/v2\/posts\/54794","targetHints":{"allow":["GET"]}}],"collection":[{"href":"http:\/\/argentinamunicipal.com.ar\/argentina\/wp-json\/wp\/v2\/posts"}],"about":[{"href":"http:\/\/argentinamunicipal.com.ar\/argentina\/wp-json\/wp\/v2\/types\/post"}],"author":[{"embeddable":true,"href":"http:\/\/argentinamunicipal.com.ar\/argentina\/wp-json\/wp\/v2\/users\/2"}],"replies":[{"embeddable":true,"href":"http:\/\/argentinamunicipal.com.ar\/argentina\/wp-json\/wp\/v2\/comments?post=54794"}],"version-history":[{"count":0,"href":"http:\/\/argentinamunicipal.com.ar\/argentina\/wp-json\/wp\/v2\/posts\/54794\/revisions"}],"wp:featuredmedia":[{"embeddable":true,"href":"http:\/\/argentinamunicipal.com.ar\/argentina\/wp-json\/wp\/v2\/media\/54795"}],"wp:attachment":[{"href":"http:\/\/argentinamunicipal.com.ar\/argentina\/wp-json\/wp\/v2\/media?parent=54794"}],"wp:term":[{"taxonomy":"category","embeddable":true,"href":"http:\/\/argentinamunicipal.com.ar\/argentina\/wp-json\/wp\/v2\/categories?post=54794"},{"taxonomy":"post_tag","embeddable":true,"href":"http:\/\/argentinamunicipal.com.ar\/argentina\/wp-json\/wp\/v2\/tags?post=54794"}],"curies":[{"name":"wp","href":"https:\/\/api.w.org\/{rel}","templated":true}]}}