{"id":54864,"date":"2016-10-20T06:18:08","date_gmt":"2016-10-20T09:18:08","guid":{"rendered":"http:\/\/argentinamunicipal.com.ar\/argentina\/?p=54864"},"modified":"2016-10-20T07:20:35","modified_gmt":"2016-10-20T10:20:35","slug":"ex-esma-candidata-patrimonio-la-humanidad","status":"publish","type":"post","link":"http:\/\/argentinamunicipal.com.ar\/argentina\/ex-esma-candidata-patrimonio-la-humanidad\/","title":{"rendered":"Ex ESMA, candidata a patrimonio de la humanidad"},"content":{"rendered":"<p>Es un estatus como el que tiene Auschwitz: \u201cpatrimonio hist\u00f3rico y mundial del Nunca M\u00e1s\u201d. Protege el lugar de eventuales modificaciones o demoliciones. El proyecto comenz\u00f3 a ser elaborado el a\u00f1o pasado.<\/p>\n<p>Los organismos de derechos humanos anunciar\u00e1n hoy en conferencia de prensa la candidatura del Espacio Memoria y Derechos Humanos de la ex ESMA en la lista de sitios de Patrimonio de la Humanidad, bajo la protecci\u00f3n de Unesco. La candidatura busca establecer como \u201cparte del patrimonio hist\u00f3rico y mundial del Nunca M\u00e1s\u201d a lugar que hoy es uno de los s\u00edmbolos del genocidio de este pa\u00eds, pero tambi\u00e9n de la lucha contra la impunidad. Los organismos reclaman en la presentaci\u00f3n el compromiso del mundo para ese cometido: \u201cPara garantizar su legado a las futuras generaciones es necesario el compromiso del mundo\u201d.<\/p>\n<p>La conferencia de prensa se realizar\u00e1 hoy a las 11.30 horas en el auditorio de la Casa por la Identidad de Avenida del Libertador 8151, ex ESMA. Estar\u00e1 encabezada por Estela de Carlotto, presidenta de Abuelas de Plaza de Mayo; Daniel Tarnoposlky de la Asociaci\u00f3n Buena Memoria y el directorio de organismos de derechos humanos del Espacio Memoria, el \u00f3rgano impulsor de esta presentaci\u00f3n. Tambi\u00e9n participar\u00e1 Alejandra Naftal, directora del Museo Sitio de Memoria ESMA, ex Centro Clandestino de Detenci\u00f3n, Tortura y Exterminio.<\/p>\n<p>Los primeros borradores de la propuesta de la candidatura comenzaron a ser escritas el a\u00f1o pasado, antes del cambio de gobierno y fueron analizadas por los evaluadores locales de estas presentaciones en la Comisi\u00f3n Nacional de Argentina para la Unesco (Conaplu). Los organismos har\u00e1n ahora su presentaci\u00f3n oficial.<\/p>\n<p>Los fundamentos relevan los distintos aspectos por los que los presentadores entienden que la ex ESMA debe ser denominado Patrimonio de la Humanidad. Recuerdan que en lugar que fue parte \u201cfundamental de la maquinaria represiva que instaur\u00f3 la \u00faltima dictadura c\u00edvico-militar en la Argentina\u201d funcion\u00f3 en el ex Casino de Oficiales donde \u201cla Armada secuestr\u00f3, tortur\u00f3 y despareci\u00f3 a m\u00e1s de 5000 hombres y mujeres\u201d. Se\u00f1alan que \u201clas graves violaciones a los derechos humanos que se cometieron, el plan sistem\u00e1tico de robo de ni\u00f1os nacidos en cautiverio y el exterminio de prisioneros arrojados vivos al mar en los denominados vuelos de la muerte, convierten al edificio en un s\u00edmbolo del genocidio que tuvo lugar en la Argentina. Y es una prueba flagrante del terrorismo de Estado que ejerci\u00f3 una violencia criminal extrema sobre la sociedad en su conjunto\u201d.<\/p>\n<p>Pero adem\u00e1s de recordar ese funcionamiento en el pasado y de los aspectos que hacen a su preservaci\u00f3n y las \u00e1reas de amortiguaci\u00f3n y de mantenimiento, describen su valor y patrimonio \u201ctangible\u201d e \u201cintangible\u201d en el presente. Se\u00f1alan que el lugar \u201cdonde hoy est\u00e1 ubicado el Museo Sitio de Memoria ESMA, es un testimonio material y f\u00edsico de las violaciones a los derechos humanos y funciona como denuncia, prueba y evidencia de los actos de terrorismo perpetrados\u201d. Expresan que \u201ces s\u00edmbolo de ese pasado gracias a la voz de los sobrevivientes y a los reclamos y la lucha incansable de los organismos de derechos humanos\u201d. El testimonio y el trabajo de los sobrevivientes del plan sistem\u00e1tico de desaparici\u00f3n de personas de la \u00faltima dictadura argentina y de los organismos de derechos humanos, agregan, \u201chan convertido a la Argentina en un referente internacional y ha producido innovadoras pr\u00e1cticas con important\u00edsimos avances en el campo de la memoria, la consolidaci\u00f3n de la democracia y los derechos universales. La experiencia argentina permiti\u00f3 impulsar la figura de la \u201cdesaparici\u00f3n forzada de personas\u201d como crimen internacional\u201d. Explican que es adem\u00e1s \u201ces uno de los s\u00edmbolos del autoritarismo y la represi\u00f3n criminal coordinada por las dictaduras de Am\u00e9rica latina en los a\u00f1os setenta bajo lo que las Fuerzas Armadas denominaron Plan C\u00f3ndor\u201d.<\/p>\n<p>Bajo el estatus de Patrimonio de la Humanidad, Unesco inscribi\u00f3 a otros cinco lugares emblem\u00e1ticos. Adem\u00e1s del campo de concentraci\u00f3n y exterminio del nazismo, figura el Memorial de la Paz de Hiroshima de Jap\u00f3n; la Isla de Gor\u00e9e de Senegal, Robben Island de Sud\u00e1frica y el Barrio del Puente Viejo en el centro hist\u00f3rico de Mostar de Bosnia y Herzegovina. \u201cComo la ESMA \u2013dicen los fundamentos\u2013, estos sitios son \u00edconos del sufrimiento y resistencia de personas que han atravesado el dolor, la tortura y la muerte. Hoy son patrimonio mundial. Evidencian la barbarie de los hombres contra los hombres pero tambi\u00e9n la voluntad del esp\u00edritu humano de resistir colectivamente oscuros cap\u00edtulos de la humanidad. Evidencian la capacidad de recordar. Sin recuerdo no hay posibilidad efectiva de convertir la memoria en historia\u201d.<\/p>\n<p>En ese contexto el proyecto entiende que la marcaci\u00f3n de estos espacios tambi\u00e9n son un aporte para el fortalecimiento de las democracias. \u201cSon sitios que hablan de la necesidad de \u2018renovar la manera en que protegemos y compartimos el patrimonio, para difundir una narrativa en contra de la propaganda del odio, e insistir en el poder de la cultura para ayudar a recuperaci\u00f3n de los pueblos\u2019\u201d, como explica la directora general de Unesco, Irina Bokova, seg\u00fan recuerda la presentaci\u00f3n.<\/p>\n<h6>Fuente: Pagina 12<\/h6>\n","protected":false},"excerpt":{"rendered":"<p>Es un estatus como el que tiene Auschwitz: \u201cpatrimonio hist\u00f3rico y mundial del Nunca M\u00e1s\u201d. Protege el lugar de eventuales modificaciones o demoliciones. El proyecto comenz\u00f3 a ser elaborado el a\u00f1o pasado.<\/p>\n","protected":false},"author":2,"featured_media":54865,"comment_status":"closed","ping_status":"closed","sticky":false,"template":"","format":"standard","meta":{"footnotes":""},"categories":[8],"tags":[21],"class_list":["post-54864","post","type-post","status-publish","format-standard","has-post-thumbnail","hentry","category-informe-nacional","tag-argentina"],"_links":{"self":[{"href":"http:\/\/argentinamunicipal.com.ar\/argentina\/wp-json\/wp\/v2\/posts\/54864","targetHints":{"allow":["GET"]}}],"collection":[{"href":"http:\/\/argentinamunicipal.com.ar\/argentina\/wp-json\/wp\/v2\/posts"}],"about":[{"href":"http:\/\/argentinamunicipal.com.ar\/argentina\/wp-json\/wp\/v2\/types\/post"}],"author":[{"embeddable":true,"href":"http:\/\/argentinamunicipal.com.ar\/argentina\/wp-json\/wp\/v2\/users\/2"}],"replies":[{"embeddable":true,"href":"http:\/\/argentinamunicipal.com.ar\/argentina\/wp-json\/wp\/v2\/comments?post=54864"}],"version-history":[{"count":0,"href":"http:\/\/argentinamunicipal.com.ar\/argentina\/wp-json\/wp\/v2\/posts\/54864\/revisions"}],"wp:featuredmedia":[{"embeddable":true,"href":"http:\/\/argentinamunicipal.com.ar\/argentina\/wp-json\/wp\/v2\/media\/54865"}],"wp:attachment":[{"href":"http:\/\/argentinamunicipal.com.ar\/argentina\/wp-json\/wp\/v2\/media?parent=54864"}],"wp:term":[{"taxonomy":"category","embeddable":true,"href":"http:\/\/argentinamunicipal.com.ar\/argentina\/wp-json\/wp\/v2\/categories?post=54864"},{"taxonomy":"post_tag","embeddable":true,"href":"http:\/\/argentinamunicipal.com.ar\/argentina\/wp-json\/wp\/v2\/tags?post=54864"}],"curies":[{"name":"wp","href":"https:\/\/api.w.org\/{rel}","templated":true}]}}