{"id":5504,"date":"2014-04-05T07:12:37","date_gmt":"2014-04-05T10:12:37","guid":{"rendered":"http:\/\/argentinamunicipal.com.ar\/argentina\/?p=5504"},"modified":"2014-04-04T08:18:31","modified_gmt":"2014-04-04T11:18:31","slug":"la-red-federal-de-fibra-optica-que-unira-argentina-ya-se-completo-en-un-52","status":"publish","type":"post","link":"http:\/\/argentinamunicipal.com.ar\/argentina\/la-red-federal-de-fibra-optica-que-unira-argentina-ya-se-completo-en-un-52\/","title":{"rendered":"La Red Federal de Fibra Optica que unir\u00e1 Argentina ya se complet\u00f3 en un 52%"},"content":{"rendered":"<p><a href=\"http:\/\/argentinamunicipal.com.ar\/argentina\/wp-content\/uploads\/2014\/04\/Red-Federal-de-Fibra-\u00d3ptica-San-Rafael.jpg\"><img loading=\"lazy\" decoding=\"async\" class=\"aligncenter size-full wp-image-5505\" alt=\"Red-Federal-de-Fibra-\u00d3ptica-San-Rafael\" src=\"http:\/\/argentinamunicipal.com.ar\/argentina\/wp-content\/uploads\/2014\/04\/Red-Federal-de-Fibra-\u00d3ptica-San-Rafael.jpg\" width=\"800\" height=\"480\" srcset=\"http:\/\/argentinamunicipal.com.ar\/argentina\/wp-content\/uploads\/2014\/04\/Red-Federal-de-Fibra-\u00d3ptica-San-Rafael.jpg 800w, http:\/\/argentinamunicipal.com.ar\/argentina\/wp-content\/uploads\/2014\/04\/Red-Federal-de-Fibra-\u00d3ptica-San-Rafael-300x180.jpg 300w\" sizes=\"auto, (max-width: 800px) 100vw, 800px\" \/><\/a><\/p>\n<p>La empresa estatal AR-SAT inform\u00f3 ayer que la obra civil de la Red Federal de Fibra \u00d3ptica (canalizaci\u00f3n y enterrado de ductos) ya alcanz\u00f3 un avance cercano al 90%.<\/p>\n<p>La empresa estatal AR-SAT (Argentina Satelital) inform\u00f3 ayer que la obra civil de la Red Federal de Fibra \u00d3ptica (canalizaci\u00f3n y enterrado de ductos) ya alcanz\u00f3 un avance cercano al 90%.<\/p>\n<p>La obra de tendido concreto del cable de fibra, en tanto, ya tiene un avance del 52%, y se est\u00e1n construyendo los nodos para alojar los equipos, con lo cual se empezar\u00e1 a iluminar la red troncal a partir de este segundo trimestre del a\u00f1o.<\/p>\n<p>Eso permitir\u00e1 \u00abempezar a solucionar las necesidades de los habitantes y conectar a los diferentes organismos p\u00fablicos\u00bb, indic\u00f3 la compa\u00f1\u00eda.<br \/>\nLa fecha proyectada para iluminar toda la Red Troncal, precis\u00f3, es a fines del a\u00f1o 2015.<\/p>\n<p>La inversi\u00f3n efectuada en el proyecto durante 2013 fue de 2.380 millones de pesos, luego de destinarse recursos por m\u00e1s de 1.870 millones en el bienio 2011-12.<\/p>\n<p>Del total invertido el a\u00f1o pasado, un 70% correspondi\u00f3 a las obras de la Red Troncal; 15% fue para la Red Provincial; y otro 15% para iluminaci\u00f3n y ductos.<\/p>\n<p>AR-SAT agreg\u00f3 que la red de transporte que se construye es \u00abde alt\u00edsima capacidad, capaz de brindar m\u00faltiples servicios y con la \u00faltima tecnolog\u00eda en fibra \u00f3ptica y en iluminaci\u00f3n\u00bb.<\/p>\n<p>\u00abCuando est\u00e9 finalizada, la estructura de la red, anillada y mallada y con la tecnolog\u00eda aplicada, permitir\u00e1 la m\u00e1xima segurizaci\u00f3n\u00bb, indic\u00f3.<br \/>\nAdem\u00e1s, sostuvo la empresa, toda la topolog\u00eda est\u00e1 dise\u00f1ada para que sea flexible, de manera de atender futuros crecimientos.<\/p>\n<p>El informe de AR-SAT se\u00f1ala que la red \u00abest\u00e1 dise\u00f1ada con la capilaridad suficiente para conectar a la mayor\u00eda de los argentinos\u00bb.<\/p>\n<p>En este sentido, la informaci\u00f3n remarca que los puntos de accesos \u00abest\u00e1n distribuidos por todo el territorio nacional\u00bb y generan la posibilidad de \u00abconectar a m\u00faltiples actores y brindar m\u00faltiples servicios de \u00faltima generaci\u00f3n\u00bb.<\/p>\n<p>El programa Argentina Conectada impulsa el tendido de fibra \u00f3ptica en todo el pa\u00eds, y AR-SAT se encarga de la parte operativa, la operaci\u00f3n y mantenimiento de la red, a fin de brindar acceso a banda ancha.<\/p>\n<p>El desarrollo de la Red Troncal se divide en nueve regiones y posibilitar\u00e1 la interconexi\u00f3n entre el Punto Nacional de Acceso a la Red (ubicado en las estaciones de AR-SAT en la localidad bonaerense de Benav\u00eddez), y los puntos provinciales de acceso a la red, que expandir\u00e1n el servicio hacia las diferentes regiones.<\/p>\n<p>Fuente: La Capital de Mar del Plata<\/p>\n","protected":false},"excerpt":{"rendered":"<p>La empresa estatal AR-SAT inform\u00f3 ayer que la obra civil de la Red Federal de Fibra \u00d3ptica (canalizaci\u00f3n y enterrado de ductos) ya alcanz\u00f3 un avance cercano al 90%. La empresa estatal AR-SAT (Argentina Satelital) inform\u00f3 ayer que la obra civil de la Red Federal de Fibra \u00d3ptica (canalizaci\u00f3n y enterrado de ductos) ya alcanz\u00f3<\/p>\n","protected":false},"author":1,"featured_media":5505,"comment_status":"closed","ping_status":"closed","sticky":false,"template":"","format":"standard","meta":{"footnotes":""},"categories":[8],"tags":[21],"class_list":["post-5504","post","type-post","status-publish","format-standard","has-post-thumbnail","hentry","category-informe-nacional","tag-argentina"],"_links":{"self":[{"href":"http:\/\/argentinamunicipal.com.ar\/argentina\/wp-json\/wp\/v2\/posts\/5504","targetHints":{"allow":["GET"]}}],"collection":[{"href":"http:\/\/argentinamunicipal.com.ar\/argentina\/wp-json\/wp\/v2\/posts"}],"about":[{"href":"http:\/\/argentinamunicipal.com.ar\/argentina\/wp-json\/wp\/v2\/types\/post"}],"author":[{"embeddable":true,"href":"http:\/\/argentinamunicipal.com.ar\/argentina\/wp-json\/wp\/v2\/users\/1"}],"replies":[{"embeddable":true,"href":"http:\/\/argentinamunicipal.com.ar\/argentina\/wp-json\/wp\/v2\/comments?post=5504"}],"version-history":[{"count":0,"href":"http:\/\/argentinamunicipal.com.ar\/argentina\/wp-json\/wp\/v2\/posts\/5504\/revisions"}],"wp:featuredmedia":[{"embeddable":true,"href":"http:\/\/argentinamunicipal.com.ar\/argentina\/wp-json\/wp\/v2\/media\/5505"}],"wp:attachment":[{"href":"http:\/\/argentinamunicipal.com.ar\/argentina\/wp-json\/wp\/v2\/media?parent=5504"}],"wp:term":[{"taxonomy":"category","embeddable":true,"href":"http:\/\/argentinamunicipal.com.ar\/argentina\/wp-json\/wp\/v2\/categories?post=5504"},{"taxonomy":"post_tag","embeddable":true,"href":"http:\/\/argentinamunicipal.com.ar\/argentina\/wp-json\/wp\/v2\/tags?post=5504"}],"curies":[{"name":"wp","href":"https:\/\/api.w.org\/{rel}","templated":true}]}}