{"id":5534,"date":"2014-04-05T07:50:28","date_gmt":"2014-04-05T10:50:28","guid":{"rendered":"http:\/\/argentinamunicipal.com.ar\/argentina\/?p=5534"},"modified":"2014-04-04T08:51:59","modified_gmt":"2014-04-04T11:51:59","slug":"intendentes-de-santa-cruz-analizaran-la-pauta-salarial","status":"publish","type":"post","link":"http:\/\/argentinamunicipal.com.ar\/argentina\/intendentes-de-santa-cruz-analizaran-la-pauta-salarial\/","title":{"rendered":"Intendentes de Santa Cruz analizar\u00e1n la pauta salarial"},"content":{"rendered":"<div id=\"attachment_5536\" style=\"width: 370px\" class=\"wp-caption alignleft\"><a href=\"http:\/\/argentinamunicipal.com.ar\/argentina\/wp-content\/uploads\/2014\/04\/IMG38336.jpg\"><img loading=\"lazy\" decoding=\"async\" aria-describedby=\"caption-attachment-5536\" class=\"size-full wp-image-5536\" alt=\"C\u00f3rdoba indic\u00f3 que buscan acordar criterios comunes con provincia y los otros intendentes.\" src=\"http:\/\/argentinamunicipal.com.ar\/argentina\/wp-content\/uploads\/2014\/04\/IMG38336.jpg\" width=\"360\" height=\"276\" srcset=\"http:\/\/argentinamunicipal.com.ar\/argentina\/wp-content\/uploads\/2014\/04\/IMG38336.jpg 360w, http:\/\/argentinamunicipal.com.ar\/argentina\/wp-content\/uploads\/2014\/04\/IMG38336-300x230.jpg 300w\" sizes=\"auto, (max-width: 360px) 100vw, 360px\" \/><\/a><p id=\"caption-attachment-5536\" class=\"wp-caption-text\">C\u00f3rdoba indic\u00f3 que buscan acordar criterios comunes con provincia y los otros intendentes.<\/p><\/div>\n<p>La pr\u00f3xima semana se estar\u00edan reuniendo para acordar criterios. El intendente Jos\u00e9 C\u00f3rdoba adelant\u00f3 un posible encuentro con el Gobierno Provincial en ese sentido. La intenci\u00f3n de los jefes comunales es apegarse a la pauta acordada a nivel provincial.<\/p>\n<p>El intendente de Caleta Olivia se\u00f1al\u00f3 que el pr\u00f3ximo lunes se reunir\u00e1n los jefes comunales en R\u00edo Gallegos para analizar el tema salarial. Jos\u00e9 C\u00f3rdoba en declaraciones que realiz\u00f3 ayer a Radio Municipal se refiri\u00f3 al reclamo de aumento salarial y sostuvo que el grado del mismo est\u00e1 sujeto a un acuerdo general, en el que la provincia no puede estar ajena.<\/p>\n<p>En su caso, la localidad recibe mensualmente un aporte equivalente a casi el 50% del esfuerzo presupuestario que le insume la n\u00f3mina salarial de la Comuna por parte de Naci\u00f3n (este mes fueron 14 millones de pesos).<br \/>\nPor lo que este lunes los intendentes estar\u00edan viajando a la capital santacruce\u00f1a para avanzar en criterios comunes sobre la cuesti\u00f3n salarial.<\/p>\n<p>Si bien C\u00f3rdoba asever\u00f3 que esta semana \u201cten\u00edamos previsto reunirnos en Gallegos\u201d, se\u00f1al\u00f3 que \u201cla permanencia del gobernador en Buenos Aires\u201d posterg\u00f3 el encuentro. Resalt\u00f3 el jefe comunal que el Gobierno se reunir\u00e1 \u201cel viernes con Fetram y Soemco\u201d y los intendentes esperar\u00edan a ese encuentro para acordar con la provincia los t\u00e9rminos de la negociaci\u00f3n salarial.<br \/>\nP<br \/>\nero anoche a \u00faltima hora, seg\u00fan pudo conocer La Opini\u00f3n Austral, la reuni\u00f3n de los gremios municipales con el gobernador Daniel Peralta se concretar\u00e1 reci\u00e9n el martes pr\u00f3ximo. Por lo que se especulaba que el encuentro que los intendentes esperaban mantener el pr\u00f3ximo lunes con provincia, luego de la reuni\u00f3n que mantendr\u00e1n entre ellos, para acordar criterios, podr\u00eda postergarse hasta mediados de la pr\u00f3xima semana.<\/p>\n<p>Cabe se\u00f1alar que desde la FETRAM indicaron a este diario que el encuentro previsto con provincia, en principio, se esperaba fuera con el jefe de Gabinete, Ariel Ivovich, pero finalmente se concretar\u00e1 con el propio gobernador en Casa de Gobierno, en un horario a confirmar.<\/p>\n<h6>Fuente: La Opini\u00f3n Austral<\/h6>\n","protected":false},"excerpt":{"rendered":"<p>La pr\u00f3xima semana se estar\u00edan reuniendo para acordar criterios. El intendente Jos\u00e9 C\u00f3rdoba adelant\u00f3 un posible encuentro con el Gobierno Provincial en ese sentido. La intenci\u00f3n de los jefes comunales es apegarse a la pauta acordada a nivel provincial. El intendente de Caleta Olivia se\u00f1al\u00f3 que el pr\u00f3ximo lunes se reunir\u00e1n los jefes comunales en<\/p>\n","protected":false},"author":1,"featured_media":5536,"comment_status":"closed","ping_status":"closed","sticky":false,"template":"","format":"standard","meta":{"footnotes":""},"categories":[7],"tags":[29],"class_list":["post-5534","post","type-post","status-publish","format-standard","has-post-thumbnail","hentry","category-informe-sindical","tag-santa-cruz"],"_links":{"self":[{"href":"http:\/\/argentinamunicipal.com.ar\/argentina\/wp-json\/wp\/v2\/posts\/5534","targetHints":{"allow":["GET"]}}],"collection":[{"href":"http:\/\/argentinamunicipal.com.ar\/argentina\/wp-json\/wp\/v2\/posts"}],"about":[{"href":"http:\/\/argentinamunicipal.com.ar\/argentina\/wp-json\/wp\/v2\/types\/post"}],"author":[{"embeddable":true,"href":"http:\/\/argentinamunicipal.com.ar\/argentina\/wp-json\/wp\/v2\/users\/1"}],"replies":[{"embeddable":true,"href":"http:\/\/argentinamunicipal.com.ar\/argentina\/wp-json\/wp\/v2\/comments?post=5534"}],"version-history":[{"count":0,"href":"http:\/\/argentinamunicipal.com.ar\/argentina\/wp-json\/wp\/v2\/posts\/5534\/revisions"}],"wp:featuredmedia":[{"embeddable":true,"href":"http:\/\/argentinamunicipal.com.ar\/argentina\/wp-json\/wp\/v2\/media\/5536"}],"wp:attachment":[{"href":"http:\/\/argentinamunicipal.com.ar\/argentina\/wp-json\/wp\/v2\/media?parent=5534"}],"wp:term":[{"taxonomy":"category","embeddable":true,"href":"http:\/\/argentinamunicipal.com.ar\/argentina\/wp-json\/wp\/v2\/categories?post=5534"},{"taxonomy":"post_tag","embeddable":true,"href":"http:\/\/argentinamunicipal.com.ar\/argentina\/wp-json\/wp\/v2\/tags?post=5534"}],"curies":[{"name":"wp","href":"https:\/\/api.w.org\/{rel}","templated":true}]}}