{"id":55348,"date":"2016-11-01T07:13:40","date_gmt":"2016-11-01T10:13:40","guid":{"rendered":"http:\/\/argentinamunicipal.com.ar\/argentina\/?p=55348"},"modified":"2016-11-01T07:13:40","modified_gmt":"2016-11-01T10:13:40","slug":"otra-vez-los-comedores-la-mira-alarmante-indice-malnutricion-lanus","status":"publish","type":"post","link":"http:\/\/argentinamunicipal.com.ar\/argentina\/otra-vez-los-comedores-la-mira-alarmante-indice-malnutricion-lanus\/","title":{"rendered":"Otra vez los comedores en la mira: alarmante \u00edndice de malnutrici\u00f3n en Lan\u00fas"},"content":{"rendered":"<p>Distintas organizaciones sociales presentaron el \u00cdndice Barrial de Situaci\u00f3n Nutricional en la Universidad Nacional de Lan\u00fas. Una muestra en el distrito que dirige N\u00e9stor Grindetti arroj\u00f3 el alarmante \u00edndice de 50% de ni\u00f1os con malnutrici\u00f3n.<\/p>\n<p>De acuerdo a un estudio confeccionado por referentes de Libres del Sur, el 50 por ciento de los ni\u00f1os de Villa Jard\u00edn, en Lan\u00fas, padecen de malnutrici\u00f3n. La muestra de 108 casos se tom\u00f3 en dos jardines municipales, Alfonsina Storni y Santa Teresita.<\/p>\n<p>\u201cEncontramos \u00edndices de mal nutrici\u00f3n en 56 ni\u00f1os y ni\u00f1as, a partir del trabajo de pesar y medir la talla de 108 ni\u00f1os y ni\u00f1as entre los tres y cinco a\u00f1os, construimos desde el instituto el \u00edndice de masa corporal de cada uno de ellos\u201d, remarc\u00f3 el referente de Libres del Sur en Lan\u00fas Pablo Arbur\u00faa en di\u00e1logo con INFOCIELO.<\/p>\n<p>Los resultados fueron presentados la semana pasada en el Seminario de Seguridad Alimentaria que organiz\u00f3 la Secretar\u00eda de Derechos Humanos del Centro de Estudiantes de la Universidad Nacional de Lan\u00fas. En la oportunidad participaron numerosos estudiantes, especialistas y diputados, entre otros.<\/p>\n<p>\u201cEsta es una problem\u00e1tica grave que fue responsabilidad del Gobierno anterior y ahora del actual. Los chicos en las escuelas no consumen carne, pescados ni verduras variadas\u201d, precis\u00f3 Arubur\u00faa sobre el estudio que ayud\u00f3 a conformar a la vez que apunt\u00f3 que \u201ces una situaci\u00f3n que va m\u00e1s all\u00e1 de cambiar el men\u00fa de un d\u00eda para otro\u201d, ya que, dijo, \u201crequiere un diagn\u00f3stico pormenorizado del Ejecutivo local\u201d.<\/p>\n","protected":false},"excerpt":{"rendered":"<p>Distintas organizaciones sociales presentaron el \u00cdndice Barrial de Situaci\u00f3n Nutricional en la Universidad Nacional de Lan\u00fas. Una muestra en el distrito que dirige N\u00e9stor Grindetti arroj\u00f3 el alarmante \u00edndice de 50% de ni\u00f1os con malnutrici\u00f3n.<\/p>\n","protected":false},"author":2,"featured_media":55349,"comment_status":"closed","ping_status":"closed","sticky":false,"template":"","format":"standard","meta":{"footnotes":""},"categories":[2],"tags":[12],"class_list":["post-55348","post","type-post","status-publish","format-standard","has-post-thumbnail","hentry","category-informe-municipal","tag-buenos-aires"],"_links":{"self":[{"href":"http:\/\/argentinamunicipal.com.ar\/argentina\/wp-json\/wp\/v2\/posts\/55348","targetHints":{"allow":["GET"]}}],"collection":[{"href":"http:\/\/argentinamunicipal.com.ar\/argentina\/wp-json\/wp\/v2\/posts"}],"about":[{"href":"http:\/\/argentinamunicipal.com.ar\/argentina\/wp-json\/wp\/v2\/types\/post"}],"author":[{"embeddable":true,"href":"http:\/\/argentinamunicipal.com.ar\/argentina\/wp-json\/wp\/v2\/users\/2"}],"replies":[{"embeddable":true,"href":"http:\/\/argentinamunicipal.com.ar\/argentina\/wp-json\/wp\/v2\/comments?post=55348"}],"version-history":[{"count":0,"href":"http:\/\/argentinamunicipal.com.ar\/argentina\/wp-json\/wp\/v2\/posts\/55348\/revisions"}],"wp:featuredmedia":[{"embeddable":true,"href":"http:\/\/argentinamunicipal.com.ar\/argentina\/wp-json\/wp\/v2\/media\/55349"}],"wp:attachment":[{"href":"http:\/\/argentinamunicipal.com.ar\/argentina\/wp-json\/wp\/v2\/media?parent=55348"}],"wp:term":[{"taxonomy":"category","embeddable":true,"href":"http:\/\/argentinamunicipal.com.ar\/argentina\/wp-json\/wp\/v2\/categories?post=55348"},{"taxonomy":"post_tag","embeddable":true,"href":"http:\/\/argentinamunicipal.com.ar\/argentina\/wp-json\/wp\/v2\/tags?post=55348"}],"curies":[{"name":"wp","href":"https:\/\/api.w.org\/{rel}","templated":true}]}}