{"id":5538,"date":"2014-04-04T06:52:37","date_gmt":"2014-04-04T09:52:37","guid":{"rendered":"http:\/\/argentinamunicipal.com.ar\/argentina\/?p=5538"},"modified":"2014-04-04T08:59:21","modified_gmt":"2014-04-04T11:59:21","slug":"fetram-santa-cruz-se-reune-hoy-para-debatir-salarios","status":"publish","type":"post","link":"http:\/\/argentinamunicipal.com.ar\/argentina\/fetram-santa-cruz-se-reune-hoy-para-debatir-salarios\/","title":{"rendered":"FETRAM Santa Cruz se re\u00fane hoy para debatir salarios"},"content":{"rendered":"<p><a href=\"http:\/\/argentinamunicipal.com.ar\/argentina\/wp-content\/uploads\/2014\/04\/IMG19300.jpg\"><img loading=\"lazy\" decoding=\"async\" class=\"alignleft size-full wp-image-5541\" alt=\"IMG19300\" src=\"http:\/\/argentinamunicipal.com.ar\/argentina\/wp-content\/uploads\/2014\/04\/IMG19300.jpg\" width=\"360\" height=\"241\" srcset=\"http:\/\/argentinamunicipal.com.ar\/argentina\/wp-content\/uploads\/2014\/04\/IMG19300.jpg 360w, http:\/\/argentinamunicipal.com.ar\/argentina\/wp-content\/uploads\/2014\/04\/IMG19300-300x200.jpg 300w\" sizes=\"auto, (max-width: 360px) 100vw, 360px\" \/><\/a>Los secretarios generales que integran la Federaci\u00f3n de Trabajadores Municipales (FETRAM) desarrollar\u00e1n, hoy en horas de la ma\u00f1ana, un plenario en esta ciudad capital para definir el pedido de mejora salarial que plantear\u00e1n en un encuentro con el Gobierno provincial.<\/p>\n<p>En este a\u00f1o 2014, las discusiones salariales para las comunas ser\u00e1n debatidas entre los gremios de base y el Ejecutivo provincial, id\u00e9ntico mecanismo implementado a lo largo del a\u00f1o pasado.<\/p>\n<p>Durante 2013, la provincia gir\u00f3 una suma fija a las comunas por cada trabajador para cerrar el acuerdo definitivo ante cada intendente.<\/p>\n<p>As\u00ed dadas las cosas y con la paritaria de la administraci\u00f3n central cerrada, el Gobierno se apresta a avanzar en el debate con los municipales.<\/p>\n<p>Desde FETRAM expresaron que reclamar\u00e1n un 10% \u201cpendiente del a\u00f1o pasado que no se abon\u00f3 y sumaremos la pauta salarial de 2013 y de 2014, debido a que lo otorgado el a\u00f1o pasado correspondi\u00f3 a 2012\u201d.<\/p>\n<p>Ra\u00fal Romero, referente del SOEM Caleta Olivia y de la FETRAM, expres\u00f3 que no hablar\u00e1n de \u201cporcentuales para no crear falsas expectativas, pero no se puede negociar por un aumento menor al otorgado el a\u00f1o pasado\u201d.<br \/>\nSin embargo, el secretario general de la FETRAM, Juli\u00e1n Carrizo, expres\u00f3 que se posicionar\u00e1n sobre el debate \u201cpara cerrar un acuerdo similar al de otros sectores estatales, por ejemplo el de los docentes\u201d.<\/p>\n<h3>Otras demandas<\/h3>\n<p>Desde la FETRAM resaltaron que la pauta salarial ser\u00e1 el debate de mayor importancia para los municipales, pero indicaron que \u201cno ser\u00e1 lo \u00fanico que vamos a debatir. Las comunas de la provincia hoy enfrentan diversos inconvenientes y esto tambi\u00e9n tenemos que hablarlo con el Gobierno, estos encuentros debemos aprovecharlos para analizar y debatir todos los problemas que hoy presentan las comunas\u201d.<\/p>\n<p>En ocasiones anteriores, los agentes municipales nucleados en la FETRAM mostraron su preocupaci\u00f3n por el servicio que brinda la obra social provincial, la Caja de Servicios Sociales, sobre todo en el norte provincial, solicitando la regularizaci\u00f3n de las prestaciones. Adem\u00e1s, hay demandas para reestablecer los convenios con las ART y sobre la actualizaci\u00f3n de los dep\u00f3sitos gremiales, entre otras.<\/p>\n<h6>Fuente: La Opini\u00f3n Austral<\/h6>\n","protected":false},"excerpt":{"rendered":"<p>Los secretarios generales que integran la Federaci\u00f3n de Trabajadores Municipales (FETRAM) desarrollar\u00e1n, hoy en horas de la ma\u00f1ana, un plenario en esta ciudad capital para definir el pedido de mejora salarial que plantear\u00e1n en un encuentro con el Gobierno provincial. En este a\u00f1o 2014, las discusiones salariales para las comunas ser\u00e1n debatidas entre los gremios<\/p>\n","protected":false},"author":1,"featured_media":5541,"comment_status":"closed","ping_status":"closed","sticky":false,"template":"","format":"standard","meta":{"footnotes":""},"categories":[7],"tags":[29],"class_list":["post-5538","post","type-post","status-publish","format-standard","has-post-thumbnail","hentry","category-informe-sindical","tag-santa-cruz"],"_links":{"self":[{"href":"http:\/\/argentinamunicipal.com.ar\/argentina\/wp-json\/wp\/v2\/posts\/5538","targetHints":{"allow":["GET"]}}],"collection":[{"href":"http:\/\/argentinamunicipal.com.ar\/argentina\/wp-json\/wp\/v2\/posts"}],"about":[{"href":"http:\/\/argentinamunicipal.com.ar\/argentina\/wp-json\/wp\/v2\/types\/post"}],"author":[{"embeddable":true,"href":"http:\/\/argentinamunicipal.com.ar\/argentina\/wp-json\/wp\/v2\/users\/1"}],"replies":[{"embeddable":true,"href":"http:\/\/argentinamunicipal.com.ar\/argentina\/wp-json\/wp\/v2\/comments?post=5538"}],"version-history":[{"count":0,"href":"http:\/\/argentinamunicipal.com.ar\/argentina\/wp-json\/wp\/v2\/posts\/5538\/revisions"}],"wp:featuredmedia":[{"embeddable":true,"href":"http:\/\/argentinamunicipal.com.ar\/argentina\/wp-json\/wp\/v2\/media\/5541"}],"wp:attachment":[{"href":"http:\/\/argentinamunicipal.com.ar\/argentina\/wp-json\/wp\/v2\/media?parent=5538"}],"wp:term":[{"taxonomy":"category","embeddable":true,"href":"http:\/\/argentinamunicipal.com.ar\/argentina\/wp-json\/wp\/v2\/categories?post=5538"},{"taxonomy":"post_tag","embeddable":true,"href":"http:\/\/argentinamunicipal.com.ar\/argentina\/wp-json\/wp\/v2\/tags?post=5538"}],"curies":[{"name":"wp","href":"https:\/\/api.w.org\/{rel}","templated":true}]}}