{"id":55391,"date":"2016-11-02T06:24:58","date_gmt":"2016-11-02T09:24:58","guid":{"rendered":"http:\/\/argentinamunicipal.com.ar\/argentina\/?p=55391"},"modified":"2016-11-02T06:24:58","modified_gmt":"2016-11-02T09:24:58","slug":"audiencia-publica-polemico-proyecto-pretende-llevar-desechos-cloacales-lanus","status":"publish","type":"post","link":"http:\/\/argentinamunicipal.com.ar\/argentina\/audiencia-publica-polemico-proyecto-pretende-llevar-desechos-cloacales-lanus\/","title":{"rendered":"Audiencia p\u00fablica por el pol\u00e9mico proyecto que pretende llevar desechos cloacales a Lan\u00fas"},"content":{"rendered":"<p>Organizaciones sociales y pol\u00edticas participaron hoy de una audiencia p\u00fablica en la Legislatura porte\u00f1a para debatir el pol\u00e9mico proyecto urban\u00edstico que pretende llevar los desechos cloacales de la Villa Ol\u00edmpica a Lan\u00fas. La iniciativa es repudiada por todo el arco opositor en el distrito que dirige N\u00e9stor Grindetti.<\/p>\n<p>A principios de a\u00f1o, el Gobierno de la Ciudad de Buenos Aires que dirige Horacio Rodr\u00edguez Larreta dio precisiones sobre lo que ser\u00e1 la Villa Ol\u00edmpica. Ubicada en el sur de la ciudad pretende ser el epicentro de los Juegos de la Juventud 2018 y prev\u00e9 construir 31 edificios en unos 125 mil metros cuadrados que, una vez finalizada la competencia deportiva, ser\u00e1n destinados a viviendas. La pol\u00e9mica ingresa en el momento en que la iniciativa contrempla que los desechos cloacales ir\u00e1n a parar al distrito vecino de Lan\u00fas.<\/p>\n<p>Luego de numerosas denuncian de vecinos, lograron que las distintas partes involucradas llamen a una audiencia p\u00fablica en la Legislatura porte\u00f1a para debatir el tema. All\u00ed fueron representantes del Gobierno local, de AySA, y de organizaciones sociales y pol\u00edticas.<\/p>\n<p>Al respecto, el senador provincial del Frente para la Victoria, Dar\u00edo D\u00edaz P\u00e9rez, remarc\u00f3 que \u201cno nos oponemos de ninguna manera a la creaci\u00f3n de la Villa Ol\u00edmpica ni al a urbanizaci\u00f3n de las villas porte\u00f1as\u201d, pero que, aclar\u00f3, \u201cnuestra preocupaci\u00f3n es el vuelco de los residuos cloacales en la planta construida para 90 mil vecinos de Lan\u00fas\u201d.<\/p>\n<p>\u201cY nuestra pregunta es \u00bfc\u00f3mo ante semejante desarrollo edilicio no planificaron crear una planta de tratamientos de residuos cloacales?\u201d, reclam\u00f3 el ex intendente de Lan\u00fas a trav\u00e9s de las redes sociales.<\/p>\n<p>En tanto, el presidente del bloque de concejales kirchneristas en Lan\u00fas, H\u00e9ctor Montero, record\u00f3 que \u201cGrindetti prometi\u00f3 que al t\u00e9rmino de su gesti\u00f3n todos los lanusenses iban a tener cloacas, pero evidentemente nos minti\u00f3 porque en la audiencia nos dijeron que las obras se iban a licitar reci\u00e9n en 2021\u201d.<\/p>\n<p>\u201cVamos a seguir concientizando a los vecinos al respecto y moviliz\u00e1ndonos cuando haga falta para lograr que el intendente cambie de opini\u00f3n y apoye a los ciudadanos de Lan\u00fas\u201d, concluy\u00f3 el edil opositor.<\/p>\n<h6>Fuente: InfoCielo<\/h6>\n","protected":false},"excerpt":{"rendered":"<p>Organizaciones sociales y pol\u00edticas participaron hoy de una audiencia p\u00fablica en la Legislatura porte\u00f1a para debatir el pol\u00e9mico proyecto urban\u00edstico que pretende llevar los desechos cloacales de la Villa Ol\u00edmpica a Lan\u00fas. <\/p>\n","protected":false},"author":2,"featured_media":55392,"comment_status":"closed","ping_status":"closed","sticky":false,"template":"","format":"standard","meta":{"footnotes":""},"categories":[2],"tags":[12],"class_list":["post-55391","post","type-post","status-publish","format-standard","has-post-thumbnail","hentry","category-informe-municipal","tag-buenos-aires"],"_links":{"self":[{"href":"http:\/\/argentinamunicipal.com.ar\/argentina\/wp-json\/wp\/v2\/posts\/55391","targetHints":{"allow":["GET"]}}],"collection":[{"href":"http:\/\/argentinamunicipal.com.ar\/argentina\/wp-json\/wp\/v2\/posts"}],"about":[{"href":"http:\/\/argentinamunicipal.com.ar\/argentina\/wp-json\/wp\/v2\/types\/post"}],"author":[{"embeddable":true,"href":"http:\/\/argentinamunicipal.com.ar\/argentina\/wp-json\/wp\/v2\/users\/2"}],"replies":[{"embeddable":true,"href":"http:\/\/argentinamunicipal.com.ar\/argentina\/wp-json\/wp\/v2\/comments?post=55391"}],"version-history":[{"count":0,"href":"http:\/\/argentinamunicipal.com.ar\/argentina\/wp-json\/wp\/v2\/posts\/55391\/revisions"}],"wp:featuredmedia":[{"embeddable":true,"href":"http:\/\/argentinamunicipal.com.ar\/argentina\/wp-json\/wp\/v2\/media\/55392"}],"wp:attachment":[{"href":"http:\/\/argentinamunicipal.com.ar\/argentina\/wp-json\/wp\/v2\/media?parent=55391"}],"wp:term":[{"taxonomy":"category","embeddable":true,"href":"http:\/\/argentinamunicipal.com.ar\/argentina\/wp-json\/wp\/v2\/categories?post=55391"},{"taxonomy":"post_tag","embeddable":true,"href":"http:\/\/argentinamunicipal.com.ar\/argentina\/wp-json\/wp\/v2\/tags?post=55391"}],"curies":[{"name":"wp","href":"https:\/\/api.w.org\/{rel}","templated":true}]}}