{"id":55413,"date":"2016-11-02T06:55:51","date_gmt":"2016-11-02T09:55:51","guid":{"rendered":"http:\/\/argentinamunicipal.com.ar\/argentina\/?p=55413"},"modified":"2016-11-02T06:55:51","modified_gmt":"2016-11-02T09:55:51","slug":"santa-fe-sede-bioargentina-2016","status":"publish","type":"post","link":"http:\/\/argentinamunicipal.com.ar\/argentina\/santa-fe-sede-bioargentina-2016\/","title":{"rendered":"Santa Fe es sede de BioArgentina 2016"},"content":{"rendered":"<p>La jornada destinada a la vinculaci\u00f3n entre investigadores, empresas y emprendedores se llevar\u00e1 a cabo este mi\u00e9rcoles en el Centro de Convenciones Los Maderos. Habr\u00e1 conferencias magistrales y espacios de intercambio de proyectos.<\/p>\n<p>BioArgentina es una jornada organizada por la C\u00e1mara Argentina de Biotecnolog\u00eda (CAB), donde investigadores, emprendedores, start ups, empresas industriales l\u00edderes y sector p\u00fablico se vinculan de manera efectiva y se llevar\u00e1 a cabo este mi\u00e9rcoles en la ciudad de Santa Fe.<\/p>\n<p>En su tercera edici\u00f3n, BioArgentina 2016 se realizar\u00e1 en el Centro de Convenciones Los Maderos del Puerto local y tiene como fin principal articular a estos actores clave para desarrollar proyectos biotecnol\u00f3gicos de avanzada.<\/p>\n<p><strong>Cronograma<\/strong><\/p>\n<p>La jornada constituye un encuentro de vinculaci\u00f3n de investigadores, emprendedores y empresas de distintos sectores, esta es la tercera edici\u00f3n que organiza la C\u00e1mara de Biotecnolog\u00eda Argentina.<\/p>\n<p>La propuesta incluye, por la ma\u00f1ana, conferencias magistrales de Gabriela Cezar (Nueva York, Estados Unidos) CEO de Panarea Partners, empresa dedicada al desarrollo de empresas de Ciencias de la Vida en Am\u00e9rica Latina y \u00c1frica y de Ryan Bethencourt (Silicon Valley, Estados Unidos) director de IndieBio, aceleradora e inversora de bioemprendimientos.<\/p>\n<p>Por la tarde, cada una de las empresas e inscriptos en la jornada tendr\u00e1n entrevistas para presentar proyectos con los ejecutivos, directores de investigaci\u00f3n y desarrollo de diferentes empresas, en el espacio propiamente dicho de intercambio entre el sector productivo, el mundo acad\u00e9mico y los emprendedores.<\/p>\n<h6>Fuente: Sin Mordaza<\/h6>\n","protected":false},"excerpt":{"rendered":"<p>La jornada destinada a la vinculaci\u00f3n entre investigadores, empresas y emprendedores se llevar\u00e1 a cabo este mi\u00e9rcoles en el Centro de Convenciones Los Maderos. <\/p>\n","protected":false},"author":2,"featured_media":55414,"comment_status":"closed","ping_status":"closed","sticky":false,"template":"","format":"standard","meta":{"footnotes":""},"categories":[2],"tags":[10],"class_list":["post-55413","post","type-post","status-publish","format-standard","has-post-thumbnail","hentry","category-informe-municipal","tag-santa-fe"],"_links":{"self":[{"href":"http:\/\/argentinamunicipal.com.ar\/argentina\/wp-json\/wp\/v2\/posts\/55413","targetHints":{"allow":["GET"]}}],"collection":[{"href":"http:\/\/argentinamunicipal.com.ar\/argentina\/wp-json\/wp\/v2\/posts"}],"about":[{"href":"http:\/\/argentinamunicipal.com.ar\/argentina\/wp-json\/wp\/v2\/types\/post"}],"author":[{"embeddable":true,"href":"http:\/\/argentinamunicipal.com.ar\/argentina\/wp-json\/wp\/v2\/users\/2"}],"replies":[{"embeddable":true,"href":"http:\/\/argentinamunicipal.com.ar\/argentina\/wp-json\/wp\/v2\/comments?post=55413"}],"version-history":[{"count":0,"href":"http:\/\/argentinamunicipal.com.ar\/argentina\/wp-json\/wp\/v2\/posts\/55413\/revisions"}],"wp:featuredmedia":[{"embeddable":true,"href":"http:\/\/argentinamunicipal.com.ar\/argentina\/wp-json\/wp\/v2\/media\/55414"}],"wp:attachment":[{"href":"http:\/\/argentinamunicipal.com.ar\/argentina\/wp-json\/wp\/v2\/media?parent=55413"}],"wp:term":[{"taxonomy":"category","embeddable":true,"href":"http:\/\/argentinamunicipal.com.ar\/argentina\/wp-json\/wp\/v2\/categories?post=55413"},{"taxonomy":"post_tag","embeddable":true,"href":"http:\/\/argentinamunicipal.com.ar\/argentina\/wp-json\/wp\/v2\/tags?post=55413"}],"curies":[{"name":"wp","href":"https:\/\/api.w.org\/{rel}","templated":true}]}}