{"id":55416,"date":"2016-11-02T06:58:47","date_gmt":"2016-11-02T09:58:47","guid":{"rendered":"http:\/\/argentinamunicipal.com.ar\/argentina\/?p=55416"},"modified":"2016-11-02T06:58:47","modified_gmt":"2016-11-02T09:58:47","slug":"presupuesto-destinan-150-millones-la-obra-del-puente-santo-tome","status":"publish","type":"post","link":"http:\/\/argentinamunicipal.com.ar\/argentina\/presupuesto-destinan-150-millones-la-obra-del-puente-santo-tome\/","title":{"rendered":"Presupuesto: destinan 150 millones para la obra del puente a Santo Tom\u00e9"},"content":{"rendered":"<p>Fue luego de gestiones realizadas por legisladores nacionales. Los intendentes de Santa Fe y Santo Tom\u00e9 celebraron la decisi\u00f3n. Esperan poder licitar la obra el a\u00f1o pr\u00f3ximo.<\/p>\n<p>En medio de la discusi\u00f3n por el presupuesto nacional 2017, y luego de encendidas cr\u00edticas de distintos representantes del arco pol\u00edtico, tanto oficialista como opositor, por la no inclusi\u00f3n de fondos para el puente entre Santa Fe y Santo Tom\u00e9, el lunes por la noche a trav\u00e9s de redes sociales los diputados nacionales Mario Barletta y Hugo Marcucci anunciaron que se logr\u00f3 incorporar al proyecto obras vitales para Santa Fe. Una de ellas, la conexi\u00f3n vial con la vecina ciudad.<\/p>\n<p>Informaron adem\u00e1s que se consigui\u00f3 incorporar partidas para la obra de la Ruta 34 y para la Ruta 11 que ser\u00e1 autopista hasta la ciudad de San Justo y ruta segura hasta Reconquista. En di\u00e1logo con Diario UNO, Marcucci se\u00f1al\u00f3 que luego de reuniones con funcionarios del Ejecutivo nacional y distintos legisladores se logr\u00f3 convencer sobre la necesidad de una obra prioritaria para la regi\u00f3n.<\/p>\n<p>\u00abCon Barletta logramos que se recepte el planteo y que el puente sea incluido dentro de las obras p\u00fablicas previstas en la ley de presupuesto. As\u00ed que creo que result\u00f3 positivo un trabajo hecho con mucha firmeza con los distintos diputados, y miembros del Ejecutivo\u00bb, expres\u00f3.<\/p>\n<p>Acto seguido inform\u00f3 que el gobierno nacional tiene previstos 610 millones de pesos para la obra, pero que la partida para el pr\u00f3ximo a\u00f1o es de 150 millones. Se trata de un monto suficiente para el llamado a licitaci\u00f3n de una primera etapa de obra. En tanto para 2018, y 2019 indic\u00f3 que se prev\u00e9n montos similares.<\/p>\n<p>\u00abHay que recordar que el proyecto ejecutivo, que incluye los pliegos licitatorios, est\u00e1 terminado. Con lo cual, m\u00e1s all\u00e1 de un tiempo prudencial, para revisar el proyecto ejecutivo del gobierno anterior, est\u00e1n dadas las condiciones para llamar a licitaci\u00f3n\u00bb, resalt\u00f3.<\/p>\n<p>\u00abCon Barletta logramos que se recepte el planteo y que el puente sea incluido dentro de las obras p\u00fablicas previstas en la ley de presupuesto\u00bb &#8211; Hugo Marcucci, diputado nacional<\/p>\n<p>En tanto, en declaraciones a LT10, el intendente de Santa Fe, Jos\u00e9 Corral sostuvo que la inclusi\u00f3n de fondos para el puente es producto del di\u00e1logo que existe con el gobierno nacional y \u00abes una muy buena noticia para la regi\u00f3n\u00bb. Anticip\u00f3 adem\u00e1s que el a\u00f1o pr\u00f3ximo se podr\u00eda comenzar con las obras complementarias.<\/p>\n<p>\u00abEn el proyecto definitivo se incluye no solo el puente sobre el Salado, sino un desag\u00fce muy importante del lado de Santa Fe, dos accesos (uno por calle Mendoza y el otro por la continuidad de General L\u00f3pez), y una avenida nueva del lado de Santo Tom\u00e9 con sus desag\u00fces, iluminaci\u00f3n y semaforizaci\u00f3n\u00bb, detall\u00f3.<br \/>\n\u00abSi la partida presupuestaria no est\u00e1 acompa\u00f1ada de un funcionario con decisi\u00f3n pol\u00edtica que haga la resoluci\u00f3n para el llamado a licitaci\u00f3n, no pasa nada\u00bb &#8211; Daniela Q\u00fcesta, intendenta de Santo Tom\u00e9.<\/p>\n<p>A su vez, en contacto con Diario UNO, la intendenta de Santo Tom\u00e9, Daniela Q\u00fcesta, manifest\u00f3 que la novedad representa un paso adelante, y valor\u00f3 la gesti\u00f3n realizada por Barletta, y Marcucci. Sin embargo, remarc\u00f3 que lo informado por los legisladores no es suficiente en s\u00ed mismo.<\/p>\n<p>\u00abPorque si la partida presupuestaria no est\u00e1 acompa\u00f1ada de un funcionario con decisi\u00f3n pol\u00edtica que haga la resoluci\u00f3n para el llamado a licitaci\u00f3n, no pasa nada\u00bb, reflej\u00f3.<\/p>\n<p>Igualmente, consider\u00f3 positivo poder gestionar desde la existencia de una partida presupuestaria y agreg\u00f3: \u00abEs positivo, pero todav\u00eda falta la decisi\u00f3n del Ejecutivo nacional de ponerle fecha al llamado a licitaci\u00f3n\u00bb.<\/p>\n<p>En el mismo sentido, el exintendente de Santo Tom\u00e9, y actual diputado provincial, Fabi\u00e1n Palo Oliver mostr\u00f3 su reconocimiento a la tarea realizada por los diputados nacionales Marcucci y Barletta y dijo:\u00bbEsperemos que esta situaci\u00f3n se termine consolidando cuando se apruebe definitivamente el presupuesto\u00bb.<br \/>\n\u00abLa inclusi\u00f3n en el presupuesto es una muy buena noticia para la regi\u00f3n\u00bb &#8211; Jos\u00e9 Corral, intendente de Santa Fe<\/p>\n<p>\u00abMientras aplaudimos esta buena noticia, debemos mantener nuestra atenci\u00f3n en el pedido que le realizamos al gobernador. Por eso, este jueves vamos a solicitar el tratamiento y aprobaci\u00f3n del proyecto en el que pedimos a Lifschitz que gestione de manera urgente una audiencia con el Presidente a los efectos de obtener una decisi\u00f3n pol\u00edtica\u00bb, a\u00f1adi\u00f3.<\/p>\n<p><strong>Reuni\u00f3n por el puente<\/strong><br \/>\nPara el martes 8 de noviembre a las 18 el municipio santotomesino convoc\u00f3 a una reuni\u00f3n con instituciones de la ciudad para generar un \u00e1mbito de encuentro y debate sobre la obra del puente. Consultada al respecto, la intendenta de la ciudad confirm\u00f3 la realizaci\u00f3n del encuentro.<\/p>\n<p>\u00abEsperemos que esta situaci\u00f3n se termine consolidando cuando se apruebe definitivamente el presupuesto\u00bb &#8211; Fabi\u00e1n Palo Oliver, diputado provincial<\/p>\n<p>\u00abLa necesidad que nosotros tenemos de hablar con las instituciones de la ciudad y que la gesti\u00f3n se haga con el acompa\u00f1amiento de las instituciones, persiste y va a persistir hasta el momento en el que est\u00e9 definida la fecha del llamado a licitaci\u00f3n\u00bb, remarc\u00f3 Q\u00fcesta.<\/p>\n<h6>Fuente: Uno Santa Fe<\/h6>\n","protected":false},"excerpt":{"rendered":"<p>Fue luego de gestiones realizadas por legisladores nacionales. Los intendentes de Santa Fe y Santo Tom\u00e9 celebraron la decisi\u00f3n. Esperan poder licitar la obra el a\u00f1o pr\u00f3ximo.<\/p>\n","protected":false},"author":2,"featured_media":55417,"comment_status":"closed","ping_status":"closed","sticky":false,"template":"","format":"standard","meta":{"footnotes":""},"categories":[2],"tags":[10],"class_list":["post-55416","post","type-post","status-publish","format-standard","has-post-thumbnail","hentry","category-informe-municipal","tag-santa-fe"],"_links":{"self":[{"href":"http:\/\/argentinamunicipal.com.ar\/argentina\/wp-json\/wp\/v2\/posts\/55416","targetHints":{"allow":["GET"]}}],"collection":[{"href":"http:\/\/argentinamunicipal.com.ar\/argentina\/wp-json\/wp\/v2\/posts"}],"about":[{"href":"http:\/\/argentinamunicipal.com.ar\/argentina\/wp-json\/wp\/v2\/types\/post"}],"author":[{"embeddable":true,"href":"http:\/\/argentinamunicipal.com.ar\/argentina\/wp-json\/wp\/v2\/users\/2"}],"replies":[{"embeddable":true,"href":"http:\/\/argentinamunicipal.com.ar\/argentina\/wp-json\/wp\/v2\/comments?post=55416"}],"version-history":[{"count":0,"href":"http:\/\/argentinamunicipal.com.ar\/argentina\/wp-json\/wp\/v2\/posts\/55416\/revisions"}],"wp:featuredmedia":[{"embeddable":true,"href":"http:\/\/argentinamunicipal.com.ar\/argentina\/wp-json\/wp\/v2\/media\/55417"}],"wp:attachment":[{"href":"http:\/\/argentinamunicipal.com.ar\/argentina\/wp-json\/wp\/v2\/media?parent=55416"}],"wp:term":[{"taxonomy":"category","embeddable":true,"href":"http:\/\/argentinamunicipal.com.ar\/argentina\/wp-json\/wp\/v2\/categories?post=55416"},{"taxonomy":"post_tag","embeddable":true,"href":"http:\/\/argentinamunicipal.com.ar\/argentina\/wp-json\/wp\/v2\/tags?post=55416"}],"curies":[{"name":"wp","href":"https:\/\/api.w.org\/{rel}","templated":true}]}}