{"id":55419,"date":"2016-11-02T06:00:51","date_gmt":"2016-11-02T09:00:51","guid":{"rendered":"http:\/\/argentinamunicipal.com.ar\/argentina\/?p=55419"},"modified":"2016-11-02T07:33:28","modified_gmt":"2016-11-02T10:33:28","slug":"bigand-inauguraron-las-obras-del-jardin-maternal-comunal","status":"publish","type":"post","link":"http:\/\/argentinamunicipal.com.ar\/argentina\/bigand-inauguraron-las-obras-del-jardin-maternal-comunal\/","title":{"rendered":"Bigand: inauguraron las obras del jard\u00edn maternal comunal"},"content":{"rendered":"<p>Casi un centenar de ni\u00f1os de entre 45 d\u00edas y 3 a\u00f1os podr\u00e1n asistir al recientemente inaugurado jard\u00edn maternal comunal de Bigand cuya obra demand\u00f3 una inversi\u00f3n de 7.6 millones de pesos que fueron aportados por del Ministerio de Educaci\u00f3n de la Naci\u00f3n.<\/p>\n<p>Casi un centenar de ni\u00f1os de entre 45 d\u00edas y 3 a\u00f1os podr\u00e1n asistir al recientemente inaugurado jard\u00edn maternal comunal de Bigand cuya obra demand\u00f3 una inversi\u00f3n de 7.6 millones de pesos que fueron aportados por del Ministerio de Educaci\u00f3n de la Naci\u00f3n. El moderno edificio, que fue culminado en poco m\u00e1s de un a\u00f1o dentro de un programa nacional lanzado por la gesti\u00f3n anterior y continuado por la actual, dispone de amplios espacios y est\u00e1 totalmente equipado.<\/p>\n<p>Este espacio se convertir\u00e1 en sede del viejo jard\u00edn comunal que funciona en la localidad y carec\u00eda de un edificio propio. Y adem\u00e1s absorber\u00e1 a los chicos que concurren a la guarder\u00eda Los Peques, creada en 2010 por la ONG Abmac y financiada por el gobierno local para atender las necesidades de madres que trabajan. Tal centralizaci\u00f3n se traducir\u00e1 en un mejor servicio y facilitar\u00e1 cuestiones de log\u00edstica, organizaci\u00f3n y distribuci\u00f3n m\u00e1s eficaz de recursos.<\/p>\n<p>As\u00ed lo planteo, el jefe comunal Alejandro Ruggeri, tras destacar en el marco del emotivo y convocante acto inaugural que \u00abel orgullo que significa para la comunidad la concreci\u00f3n de este establecimiento surgido a instancias de gestiones realizados por la comuna\u00bb. El dise\u00f1o, que fue desarrollado \u00edntegramente por profesionales del Ministerio de Educaci\u00f3n, mantiene altos est\u00e1ndares de calidad constructiva con la vista puesta en la seguridad de los infantes y sus necesidades.<\/p>\n<p>Fue construido en un terreno cedido por la administraci\u00f3n local donde funcion\u00f3 el antiguo corral\u00f3n comunal y consta de cuatro salas con ba\u00f1os para lactantes, deambuladores, y peque\u00f1os de 2 y 3 a\u00f1os, as\u00ed como oficinas administrativas, un sal\u00f3n de usos m\u00faltiples, cocinas, lavadero, y dep\u00f3sitos.<\/p>\n<p>Adem\u00e1s posee calefacci\u00f3n central y aire acondicionado, un sistema de detecci\u00f3n de incendio y escapes de gas, sanitarios para personas con movilidad reducida, rampa de acceso para discapacitados, y puertas con barral antip\u00e1nico para salidas de emergencia. Y a ello se suma un importante equipamiento en materia de mobiliarios que incluyen decenas de cunas, mesitas y sillas adem\u00e1s de contar con heladera con freezer, cocina, lavarropas, equipos de m\u00fasica, y juegos.<\/p>\n<p>El flamante jard\u00edn, que tiene un \u00e1rea cubierta de 550 metros cuadrados y una galer\u00eda, est\u00e1 preparado para albergar hasta 70 ni\u00f1os por turno y forma parte de los 35 edificios de este tipo afectados al territorio santafesino en el marco de un plan nacional.<\/p>\n<p>Del hist\u00f3rico acontecimiento tambi\u00e9n participaron el ex mandatario bigandense y actual senador suplente del departamento Caseros, Patricio Erceg; la senadora nacional por Santa Fe, Mar\u00eda de los Angeles Sacnun; presidentes comunales de la regi\u00f3n, referentes de instituciones; padres y alumnos de los distintos colegios del pueblo, y el arquitecto Francisco Candiotti, en representaci\u00f3n de la Direcci\u00f3n General de Infraestructura del Ministerio de Educaci\u00f3n, entre otros.<\/p>\n<p>En Chab\u00e1s. Por otra parte en la localidad de Chab\u00e1s fue inaugurado un Centro de Cuidados Infantiles (CCI) para que las madres que trabajan puedan dejar a sus hijos mientras cumplen con sus obligaciones laborales. El edificio, que est\u00e1 ubicado en el albergue del Parque Centenario, fue habilitado en el marco de un acto encabezado por el ministro de Trabajo provincial, Julio Genesini, junto al presidente comunal, Lucas Lesgart.<\/p>\n<h6>Fuente: La capital Rosario<\/h6>\n","protected":false},"excerpt":{"rendered":"<p>Casi un centenar de ni\u00f1os de entre 45 d\u00edas y 3 a\u00f1os podr\u00e1n asistir al recientemente inaugurado jard\u00edn maternal comunal de Bigand cuya obra demand\u00f3 una inversi\u00f3n de 7.6 millones de pesos <\/p>\n","protected":false},"author":2,"featured_media":55420,"comment_status":"closed","ping_status":"closed","sticky":false,"template":"","format":"standard","meta":{"footnotes":""},"categories":[2],"tags":[10],"class_list":["post-55419","post","type-post","status-publish","format-standard","has-post-thumbnail","hentry","category-informe-municipal","tag-santa-fe"],"_links":{"self":[{"href":"http:\/\/argentinamunicipal.com.ar\/argentina\/wp-json\/wp\/v2\/posts\/55419","targetHints":{"allow":["GET"]}}],"collection":[{"href":"http:\/\/argentinamunicipal.com.ar\/argentina\/wp-json\/wp\/v2\/posts"}],"about":[{"href":"http:\/\/argentinamunicipal.com.ar\/argentina\/wp-json\/wp\/v2\/types\/post"}],"author":[{"embeddable":true,"href":"http:\/\/argentinamunicipal.com.ar\/argentina\/wp-json\/wp\/v2\/users\/2"}],"replies":[{"embeddable":true,"href":"http:\/\/argentinamunicipal.com.ar\/argentina\/wp-json\/wp\/v2\/comments?post=55419"}],"version-history":[{"count":0,"href":"http:\/\/argentinamunicipal.com.ar\/argentina\/wp-json\/wp\/v2\/posts\/55419\/revisions"}],"wp:featuredmedia":[{"embeddable":true,"href":"http:\/\/argentinamunicipal.com.ar\/argentina\/wp-json\/wp\/v2\/media\/55420"}],"wp:attachment":[{"href":"http:\/\/argentinamunicipal.com.ar\/argentina\/wp-json\/wp\/v2\/media?parent=55419"}],"wp:term":[{"taxonomy":"category","embeddable":true,"href":"http:\/\/argentinamunicipal.com.ar\/argentina\/wp-json\/wp\/v2\/categories?post=55419"},{"taxonomy":"post_tag","embeddable":true,"href":"http:\/\/argentinamunicipal.com.ar\/argentina\/wp-json\/wp\/v2\/tags?post=55419"}],"curies":[{"name":"wp","href":"https:\/\/api.w.org\/{rel}","templated":true}]}}