{"id":55432,"date":"2016-11-02T07:49:01","date_gmt":"2016-11-02T10:49:01","guid":{"rendered":"http:\/\/argentinamunicipal.com.ar\/argentina\/?p=55432"},"modified":"2016-11-02T07:49:01","modified_gmt":"2016-11-02T10:49:01","slug":"un-paro-con-movilizaciones","status":"publish","type":"post","link":"http:\/\/argentinamunicipal.com.ar\/argentina\/un-paro-con-movilizaciones\/","title":{"rendered":"Un paro con movilizaciones"},"content":{"rendered":"<p>Habr\u00e1 movilizaciones en todo el pa\u00eds pero la marcha central ser\u00e1 a la Plaza de Mayo con la consigna \u201cNi hambre ni despidos\u201d. Rechazan que el acuerdo entre el Gobierno y la CGT implique renunciar al reclamo por una compensaci\u00f3n salarial.<\/p>\n<p>Las dos CTA, junto a movimientos sociales y cooperativos, van definiendo las caracter\u00edsticas de la jornada de lucha que realizar\u00e1n este viernes. La protesta incluir\u00e1 movilizaciones en todo el pa\u00eds, con ceses de tarea de algunos los gremios para facilitar la participaci\u00f3n en las marchas. La central, que ir\u00e1 a Plaza de Mayo, llevar\u00e1 en su cabecera una pancarta con la consigna \u201cNi hambre ni despidos\u201d.<\/p>\n<p>Sindicatos y organizaciones se vienen reuniendo desde el fin de semana para preparar la medida, convocada en rechazo a que el acuerdo firmado entre el Gobierno y la CGT implique la renuncia a reclamar una compensaci\u00f3n salarial por el poder adquisitivo que los sueldos perdieron este a\u00f1o.<\/p>\n<p>Seg\u00fan Cifra, el Centro de Investigaci\u00f3n de la CTA de los Trabajadores, los salarios promedio sufrieron en el a\u00f1o una p\u00e9rdida acumulada de m\u00e1s de 14 mil pesos. El n\u00famero contrasta con los dos mil pesos del bono de fin de a\u00f1o que recibir\u00e1n, por otra parte, s\u00f3lo los jubilados con la m\u00ednima, los beneficiarios de planes sociales y una parte de los estatales y privados.<\/p>\n<p>La jornada de lucha es as\u00ed por la reapertura de las paritarias, por la prohibici\u00f3n de los despidos, por un aumento de emergencia para jubilados y programas sociales y contra la aplicaci\u00f3n del impuesto a las Ganancias sobre los salarios. \u201cQueremos recuperar lo que se perdi\u00f3 con este a\u00f1o de ajustes\u201d, se\u00f1al\u00f3 Hugo Yasky a P\u00e1gina\/12. El titular de la CTA de los Trabajadores agreg\u00f3 que \u201clos tres picos de mayor p\u00e9rdida del poder adquisitivo de los salarios se produjeron en el \u201889 (con la hiperinflaci\u00f3n), el 2001 (con la crisis de convertibilidad) y el 2016\u201d.<\/p>\n<p>Los datos, procesados tambi\u00e9n por Cifra, se\u00f1alan que en los \u00faltimos 30 a\u00f1os en esos tres momentos hist\u00f3ricos el poder de compra de los salarios tuvieron ca\u00eddas mayores a los diez puntos. En los a\u00f1os que precedieron a la ca\u00edda de Ra\u00fal Alfons\u00edn (es decir, \u201888 y \u201889) de un 34,5 por ciento, con la salida de la Convertibilidad del gobierno de Eduardo Duhalde (2002), del 26,9 por ciento, y en la recesi\u00f3n que se abri\u00f3 tras la elecci\u00f3n de Mauricio Macri, del 10,3 por ciento.<\/p>\n<p>Yasky y Pablo Micheli dar\u00e1n esta tarde, en la sede de la CTA Aut\u00f3noma, una conferencia de prensa junto a dirigentes gremiales y sociales. Los dirigentes vienen planteando adem\u00e1s del tema salarial la crisis por los despidos: exigen que el gobierno nacional tome el compromiso de no dejar trabajadores del estado en la calle cuando en diciembre venzan los contratos. \u201cSi el gobierno no lo asume, el di\u00e1logo social es verso. No se puede dialogar si hay nuevos despidos como una espada de Damocles\u201d, sostienen.<\/p>\n<p>Las movilizaciones tambi\u00e9n actualizar\u00e1n el pedido por la libertad de Milagro Sala. El pr\u00f3ximo viernes 11 de noviembre, la dirigente de la Tupac Amaru cumplir\u00e1 300 d\u00edas de detenci\u00f3n junto a otros integrantes de la agrupaci\u00f3n, por una serie de acusaciones consecutivas que el Poder Judicial, en sinton\u00eda con el gobernador de Jujuy, Gerardo Morales, descarg\u00f3 sobre su figura.<\/p>\n<p>La Tupac ser\u00e1 una de las organizaciones sociales que se movilizar\u00e1n en la jornada de lucha, junto con otros movimientos, cooperativas y multisectoriales contra el tarifazo que integran el colectivo Articulaci\u00f3n Popular. Por su parte, los movimientos vinculados a la CGT (la CTEP, Barrios de Pie y la CCC) van a mandar a un grupo, es decir que tendr\u00e1n presencia pero sin movilizarse de manera masiva.<\/p>\n<p>La protesta coincidir\u00e1 con una jornada continental convocada por el encuentro sindical Nuestra Am\u00e9rica \u2013en la que participan la Central de Trabajadores y Trabajadoras del Brasil (CTB), la Confederaci\u00f3n de Trabajadores del Ecuador (CTE), la PIT-CNT de Uruguay, entre otros\u2013 por cumplirse 11 a\u00f1os del rechazo al ALCA.<\/p>\n<p>La marcha a Plaza de Mayo cerrar\u00e1 con un acto en el que est\u00e1 previsto que hablen los titulares de las CTA y representantes de organizaciones sociales.<\/p>\n<h6>Fuente: P\u00e1gina 12<\/h6>\n","protected":false},"excerpt":{"rendered":"<p>Habr\u00e1 movilizaciones en todo el pa\u00eds pero la marcha central ser\u00e1 a la Plaza de Mayo con la consigna \u201cNi hambre ni despidos\u201d. Rechazan que el acuerdo entre el Gobierno y la CGT implique renunciar al reclamo por una compensaci\u00f3n salarial.<\/p>\n","protected":false},"author":2,"featured_media":55433,"comment_status":"closed","ping_status":"closed","sticky":false,"template":"","format":"standard","meta":{"footnotes":""},"categories":[8],"tags":[21],"class_list":["post-55432","post","type-post","status-publish","format-standard","has-post-thumbnail","hentry","category-informe-nacional","tag-argentina"],"_links":{"self":[{"href":"http:\/\/argentinamunicipal.com.ar\/argentina\/wp-json\/wp\/v2\/posts\/55432","targetHints":{"allow":["GET"]}}],"collection":[{"href":"http:\/\/argentinamunicipal.com.ar\/argentina\/wp-json\/wp\/v2\/posts"}],"about":[{"href":"http:\/\/argentinamunicipal.com.ar\/argentina\/wp-json\/wp\/v2\/types\/post"}],"author":[{"embeddable":true,"href":"http:\/\/argentinamunicipal.com.ar\/argentina\/wp-json\/wp\/v2\/users\/2"}],"replies":[{"embeddable":true,"href":"http:\/\/argentinamunicipal.com.ar\/argentina\/wp-json\/wp\/v2\/comments?post=55432"}],"version-history":[{"count":0,"href":"http:\/\/argentinamunicipal.com.ar\/argentina\/wp-json\/wp\/v2\/posts\/55432\/revisions"}],"wp:featuredmedia":[{"embeddable":true,"href":"http:\/\/argentinamunicipal.com.ar\/argentina\/wp-json\/wp\/v2\/media\/55433"}],"wp:attachment":[{"href":"http:\/\/argentinamunicipal.com.ar\/argentina\/wp-json\/wp\/v2\/media?parent=55432"}],"wp:term":[{"taxonomy":"category","embeddable":true,"href":"http:\/\/argentinamunicipal.com.ar\/argentina\/wp-json\/wp\/v2\/categories?post=55432"},{"taxonomy":"post_tag","embeddable":true,"href":"http:\/\/argentinamunicipal.com.ar\/argentina\/wp-json\/wp\/v2\/tags?post=55432"}],"curies":[{"name":"wp","href":"https:\/\/api.w.org\/{rel}","templated":true}]}}