{"id":55435,"date":"2016-11-02T07:54:36","date_gmt":"2016-11-02T10:54:36","guid":{"rendered":"http:\/\/argentinamunicipal.com.ar\/argentina\/?p=55435"},"modified":"2016-11-02T07:54:36","modified_gmt":"2016-11-02T10:54:36","slug":"juicios-genocidas-una-presion-fuerte","status":"publish","type":"post","link":"http:\/\/argentinamunicipal.com.ar\/argentina\/juicios-genocidas-una-presion-fuerte\/","title":{"rendered":"Juicios a genocidas: \u201cHay una presi\u00f3n muy fuerte\u201d"},"content":{"rendered":"<p>El Ejecutivo acept\u00f3 formalmente ayer la renuncia de Rozanski al Tribunal Oral Federal 1 de La Plata. El ahora ex magistrado atribuy\u00f3 su alejamiento al actual contexto pol\u00edtico en el que se pretenden frenar los juicios a los genocidas.<\/p>\n<p>El Poder Ejecutivo acept\u00f3 formalmente ayer la renuncia del juez federal Carlos Rozanski, quien presid\u00eda el Tribunal Oral Federal 1 de La Plata que conden\u00f3 a prisi\u00f3n perpetua al represor Miguel Etchecolatz, al cura Christian von Wernich y tambi\u00e9n al ex ministro civil de Gobierno bonaerense durante la dictadura Jaime Lamont Smart. Seg\u00fan su abogado, Eduardo Barcesat, el ahora ex juez decidi\u00f3 renunciar porque sus planes son \u201cacogerse al r\u00e9gimen jubilatorio, dado que ya cuenta con los a\u00f1os necesarios de edad y servicio\u201d. Sin embargo, el propio Rozanski atribuy\u00f3 su alejamiento a la intenci\u00f3n de ciertos sectores que pretenden frenar los juicios a los genocidas, y dijo ayer que \u201cla idea es irse por decisi\u00f3n propia y no de esta manera\u201d. Adem\u00e1s, describi\u00f3 su estado de \u00e1nimo: \u201cMe siento horrible.\u201d<\/p>\n<p>En declaraciones al programa Que vuelvan las ideas, de la AM 750, el ex magistrado precis\u00f3 que \u201chay hace tiempo una presi\u00f3n muy fuerte de determinados sectores que no est\u00e1n de acuerdo con los juicios de lesa humanidad\u201d. A su criterio, el avance de esos procesos \u201camenazaba con llegar a sectores civiles y empresarios\u201d, y por esa raz\u00f3n \u201chab\u00eda que frenarlo de alguna manera, siendo \u00e9sta una de esas maneras\u201d. Rozanski ponder\u00f3 esa situaci\u00f3n en un contexto pol\u00edtico en el cual \u201cse han bajado presupuestos en Derechos Humanos en la ciudad y el pa\u00eds, y eso tiene directa incidencia en el desarrollo de los juicios\u201d, y destac\u00f3 que tambi\u00e9n el \u201cdisciplinamiento de los jueces y la baja del presupuesto atentan contra el avance de causas\u201d. Consultado sobre qui\u00e9nes ser\u00edan los interesados en sabotear los juicios, el ex juez respondi\u00f3: \u201cClar\u00edn y La Naci\u00f3n empezaron a aparecer con responsabilidad en los juicios, aqu\u00ed vemos lo que significa que empresas del poder econ\u00f3mico usen durante d\u00e9cadas empresas obtenidas bajo torturas\u201d. Rozanski se refiri\u00f3 as\u00ed al rol de esos medios en la controvertida adquisici\u00f3n de Papel Prensa durante la dictadura.<\/p>\n<p>El ex magistrado fue acusado ante el Consejo de la Magistratura de la Naci\u00f3n por supuesto maltrato laboral contra su personal, a partir de una denuncia realizada en 2011 por el jefe de la Uni\u00f3n de Empleados de la Justicia de la Naci\u00f3n (UEJN), Julio Piumato.<\/p>\n<p>Hace algunas semanas, Rozanski denunci\u00f3 a todos los integrantes de la Comisi\u00f3n de Disciplina del Consejo de la Magistratura por \u201cresucitar\u201d la denuncia de Piumato, la que consider\u00f3 \u201cprescripta y archivada\u201d. Describi\u00f3 que el organismo dio curso a medidas sin haber siquiera tenido en cuenta su descargo, y dijo tambi\u00e9n que estaba sufriendo \u201cpresiones por no ser un magistrado af\u00edn al Ejecutivo\u201d. En ese sentido, cuestion\u00f3 una supuesta influencia del Poder Ejecutivo para avanzar en una de esas denuncias en su contra y vincul\u00f3 las \u201cpersecuciones\u201d y \u201cpresiones\u201d al avance de los juicios de lesa humanidad sobre \u201clas complicidades civiles\u201d con la dictadura militar.<\/p>\n<p>En otro tramo de la entrevista enfatiz\u00f3 que algunos periodistas hab\u00edan anticipado la embestida que termin\u00f3 con su renuncia, y describi\u00f3 que cuando acudi\u00f3 a hacer su descargo el Consejo estaba empapelado con afiches referidos a aquella nota period\u00edstica.<\/p>\n<h6>Fuente: P\u00e1gina 12<\/h6>\n","protected":false},"excerpt":{"rendered":"<p>El Ejecutivo acept\u00f3 formalmente ayer la renuncia de Rozanski al Tribunal Oral Federal 1 de La Plata. El ahora ex magistrado atribuy\u00f3 su alejamiento al actual contexto pol\u00edtico en el que se pretenden frenar los juicios a los genocidas.<\/p>\n","protected":false},"author":2,"featured_media":55436,"comment_status":"closed","ping_status":"closed","sticky":false,"template":"","format":"standard","meta":{"footnotes":""},"categories":[8],"tags":[21],"class_list":["post-55435","post","type-post","status-publish","format-standard","has-post-thumbnail","hentry","category-informe-nacional","tag-argentina"],"_links":{"self":[{"href":"http:\/\/argentinamunicipal.com.ar\/argentina\/wp-json\/wp\/v2\/posts\/55435","targetHints":{"allow":["GET"]}}],"collection":[{"href":"http:\/\/argentinamunicipal.com.ar\/argentina\/wp-json\/wp\/v2\/posts"}],"about":[{"href":"http:\/\/argentinamunicipal.com.ar\/argentina\/wp-json\/wp\/v2\/types\/post"}],"author":[{"embeddable":true,"href":"http:\/\/argentinamunicipal.com.ar\/argentina\/wp-json\/wp\/v2\/users\/2"}],"replies":[{"embeddable":true,"href":"http:\/\/argentinamunicipal.com.ar\/argentina\/wp-json\/wp\/v2\/comments?post=55435"}],"version-history":[{"count":0,"href":"http:\/\/argentinamunicipal.com.ar\/argentina\/wp-json\/wp\/v2\/posts\/55435\/revisions"}],"wp:featuredmedia":[{"embeddable":true,"href":"http:\/\/argentinamunicipal.com.ar\/argentina\/wp-json\/wp\/v2\/media\/55436"}],"wp:attachment":[{"href":"http:\/\/argentinamunicipal.com.ar\/argentina\/wp-json\/wp\/v2\/media?parent=55435"}],"wp:term":[{"taxonomy":"category","embeddable":true,"href":"http:\/\/argentinamunicipal.com.ar\/argentina\/wp-json\/wp\/v2\/categories?post=55435"},{"taxonomy":"post_tag","embeddable":true,"href":"http:\/\/argentinamunicipal.com.ar\/argentina\/wp-json\/wp\/v2\/tags?post=55435"}],"curies":[{"name":"wp","href":"https:\/\/api.w.org\/{rel}","templated":true}]}}