{"id":55459,"date":"2016-11-02T08:37:31","date_gmt":"2016-11-02T11:37:31","guid":{"rendered":"http:\/\/argentinamunicipal.com.ar\/argentina\/?p=55459"},"modified":"2016-11-02T08:37:31","modified_gmt":"2016-11-02T11:37:31","slug":"primera-fiesta-nacional-la-cumbia-santafesina-4-5-6-noviembre","status":"publish","type":"post","link":"http:\/\/argentinamunicipal.com.ar\/argentina\/primera-fiesta-nacional-la-cumbia-santafesina-4-5-6-noviembre\/","title":{"rendered":"Primera Fiesta Nacional de la Cumbia Santafesina,\u00a04, 5 y 6 de noviembre\u00a0"},"content":{"rendered":"<p>Los pr\u00f3ximos 4, 5 y 6 de noviembre se realizar\u00e1 la primera Fiesta Nacional de la Cumbia en el Hip\u00f3dromo de Las Flores. En los d\u00edas previos se ultiman detalles en materia de seguridad y sanidad para que los santafesinos disfruten sin inconvenientes de este homenaje a la m\u00fasica que los representa<\/p>\n<p>El primer fin de semana de noviembre, la ciudad de Santa Fe recibir\u00e1 a la primera Fiesta Nacional de la Cumbia Santafesina. Referentes como Los Palmeras, Mario Pereyra, Coty y Kaniche ser\u00e1n algunos de los nombres que integrar\u00e1n una extensa lista de treinta grupos en vivo en una fiesta \u00fanica, no solo para los santafesinos sino tambi\u00e9n para los fan\u00e1ticos que esta m\u00fasica tiene en provincias vecinas.<\/p>\n<p>El gobierno de la provincia de Santa Fe y la comisi\u00f3n organizadora de la fiesta han preparado un paquete de medidas que incluye puestos fijos sanitarios, seguridad privada, ambulancias de alta complejidad preparadas para hacer traslados de urgencia en el caso de ser necesario, polic\u00edas, voluntarios de Cruz Roja, expendio de agua potable, sanitarios, estacionamiento, entre otros servicios que garantizar\u00e1n la comodidad, seguridad y tranquilidad del p\u00fablico. Adem\u00e1s, se prioriz\u00f3 la iluminaci\u00f3n de toda la zona para que sea una verdadera fiesta.<\/p>\n<p><strong>Un lugar de grandes eventos<\/strong><br \/>\nEl Hip\u00f3dromo de Las Flores fue el lugar designado para la realizaci\u00f3n de esta fiesta ya que cuenta con las instalaciones, la seguridad y las condiciones necesarias para albergar a la gran cantidad de personas que se espera que concurran. Adem\u00e1s, se encuentra emplazado a en una ubicaci\u00f3n estrat\u00e9gica para los accesos \u2013ingresos a la autopista Santa Fe-Rosario, avenida Circunvalaci\u00f3n y avenida Blas Parera.<\/p>\n<p>En el predio se ubicar\u00e1n puestos de Aguas Santafesinas S. A. que garantizar\u00e1n el expendio de agua potable suficiente y permanente para todos los asistentes al evento. Asimismo, se ofrecer\u00e1 estacionamiento gratuito para motos y autos, y se montar\u00e1 un operativo de seguridad tanto dentro como fuera del predio para que el p\u00fablico pueda disfrutar del evento sin ning\u00fan inconveniente.<\/p>\n<p>Es importante resaltar que habr\u00e1 puestos de venta de comida y bebidas dentro del Hip\u00f3dromo a beneficio de clubes seleccionados de la ciudad y que, por lo tanto, no se permite el ingreso con sillones, heladeritas y todo tipo de bebidas y comestibles. Asimismo, se prohibir\u00e1 el ingreso con identificaciones pol\u00edticas y deportivas.<\/p>\n<p><strong>La fiesta<\/strong><br \/>\nEl predio abrir\u00e1 sus puertas el viernes y s\u00e1bado a las 18.30, mientras que el domingo ser\u00e1 a partir de las 18. La programaci\u00f3n contempla la siguiente grilla: el viernes actuar\u00e1n Habana Combo, Pandilla 4-20, Los del M\u00e1laga, Los llamadores, La Contra, Juanjo, Los Bam Band, Trinidad, un especial homenaje de Nico a Leo Mattioli, y el gran cierre de Sergio Torres.<\/p>\n<p>El s\u00e1bado, llegar\u00e1 el turno de Diana R\u00edos, La Sonora Bonita, Los Tekilas, Combo 10, Los del Maranaho, Ezequiel, Mario Pereyra, Kaniche y Coty.<\/p>\n<p>Y, para el domingo, se presentar\u00e1n Los Cumbiambas, Pastor de los Santos, Los Tropicanos, Yuli y Los Girasoles, Grupo Alegr\u00eda \u00ab40 a\u00f1os\u00bb, Grupo Cali, Homenaje al Cuarteto Imperial y Los Palmeras.<\/p>\n<p><strong>Historia de la cumbia santafesina<\/strong><br \/>\nLa cumbia santafesina es un g\u00e9nero musical surgido en la ciudad de Santa Fe, Argentina. Se distingue por tomar como instrumento principal a la guitarra y el acorde\u00f3n. Ha sido fuertemente influenciada por la cumbia colombiana. Otra caracter\u00edstica distintiva de la cumbia santafesina con respecto a otros subg\u00e9neros de la cumbia argentina es que sus letras tienen principalmente una tem\u00e1tica rom\u00e1ntica.<\/p>\n<p>La cumbia santafesina comenz\u00f3 en la d\u00e9cada de 1970 de la mano de Los Palmeras y los Cumbiambas, quienes adaptaron la cumbia colombiana introducida al pa\u00eds por grupos como el Cuarteto Imperial o Los Wawanc\u00f3. Pero el acontecimiento que termin\u00f3 de definir el g\u00e9nero fue la aparici\u00f3n del grupo Los del Boh\u00edo quienes adoptaron la guitarra como instrumento principal.<\/p>\n<p>Estos primeros grupos de cumbia santafesina se caracterizaban por su amateurismo y por las dificultades a las que se enfrentaban para conseguir fondos que les permitieran grabar su material. Es en ese momento cuando fue clave la figura de Mart\u00edn \u00abChani\u00bb Robustiano Guti\u00e9rrez, quien reuni\u00f3 fondos para que se pudieran realizar esas grabaciones.<\/p>\n<p>En su honor se celebra el d\u00eda de la cumbia santafesina todos los 5 de noviembre cuando se cumple un nuevo aniversario de su fallecimiento.<\/p>\n<p>Con la cumbia santafesina ya consolidada aparecieron nuevas agrupaciones que popularizaron a\u00fan m\u00e1s el g\u00e9nero e incorporaron nuevas tendencias. Osvaldo \u00abEl Abuelo\u00bb Raggio abandon\u00f3 Los Palmeras para formar el Grupo Alegr\u00eda, con un estilo de cumbia m\u00e1s veloz que hac\u00eda fuerte hincapi\u00e9 en el acorde\u00f3n y la timbaleta. En Grupo Alegr\u00eda se inici\u00f3 Coty Hern\u00e1ndez, quien luego comenz\u00f3 a lucirse como solista en Coty y la banda del Huy, Huy, Huy, y posteriormente como Coty, el M\u00e1s Parrandero. Otro de los grandes nombres en la historia de la cumbia santafesina es el de Sergio Torres, quien integr\u00f3 el Grupo Tropical Maracaibo, Los Palmeras, Grupo Alegr\u00eda, Tropical Santa Fe, Grupo Cali y Sergio Torres y los Due\u00f1os del Swing; adem\u00e1s, en su carrera logr\u00f3 un reconocimiento nacional y latinoamericano y rompi\u00f3 las barreras que exist\u00edan entre las distintas clases sociales, para que hoy la m\u00fasica tropical sea del gusto popular. En 1983 se form\u00f3 el Grupo Trinidad, uno de los m\u00e1ximos representantes de la cumbia rom\u00e1ntica santafesina. Luego, en 1989, naci\u00f3 Grupo Cali con ganas de instalar un estilo de m\u00fasica tropical con aire caribe\u00f1o.<\/p>\n<p>En 1993 tom\u00f3 el puesto de vocalista de Grupo Trinidad Leo Mattioli, quien luego desarroll\u00f3 una importante carrera solista hasta su fallecimiento en 2011.<\/p>\n<p><strong>Entradas en venta<\/strong><br \/>\nLas anticipadas hasta el 31 de octubre tienen un valor de $100, mientras que el abono por los tres d\u00edas vale $200. Los menores de diez a\u00f1os no abonan entrada. Los puntos de venta son Von Der Thusen deportes de avenida Freyre 2719, San Mart\u00edn 2723 y 3033, avenida Arist\u00f3bulo del Valle 6391 y 7624 y avenida Blas Parera 7000. Tambi\u00e9n en Sportime, ubicado en avenida Blas Parera 7693; y en Jugueter\u00eda Pizzico de Shopping Recoleta y La Ribera Shopping y en la sucursal de avenida Arist\u00f3bulo del Valle 6242. La venta on line se realiza a trav\u00e9s del sitio www.ticketway.com.ar y tambi\u00e9n en sus puntos de venta en Esperanza, Rafaela y Paran\u00e1.<\/p>\n<h6>Fuente: Uno Santa Fe<\/h6>\n","protected":false},"excerpt":{"rendered":"<p>Los pr\u00f3ximos 4, 5 y 6 de noviembre se realizar\u00e1 la primera Fiesta Nacional de la Cumbia en el Hip\u00f3dromo de Las Flores.<\/p>\n","protected":false},"author":2,"featured_media":55460,"comment_status":"closed","ping_status":"closed","sticky":false,"template":"","format":"standard","meta":{"footnotes":""},"categories":[47],"tags":[10],"class_list":["post-55459","post","type-post","status-publish","format-standard","has-post-thumbnail","hentry","category-fiestas","tag-santa-fe"],"_links":{"self":[{"href":"http:\/\/argentinamunicipal.com.ar\/argentina\/wp-json\/wp\/v2\/posts\/55459","targetHints":{"allow":["GET"]}}],"collection":[{"href":"http:\/\/argentinamunicipal.com.ar\/argentina\/wp-json\/wp\/v2\/posts"}],"about":[{"href":"http:\/\/argentinamunicipal.com.ar\/argentina\/wp-json\/wp\/v2\/types\/post"}],"author":[{"embeddable":true,"href":"http:\/\/argentinamunicipal.com.ar\/argentina\/wp-json\/wp\/v2\/users\/2"}],"replies":[{"embeddable":true,"href":"http:\/\/argentinamunicipal.com.ar\/argentina\/wp-json\/wp\/v2\/comments?post=55459"}],"version-history":[{"count":0,"href":"http:\/\/argentinamunicipal.com.ar\/argentina\/wp-json\/wp\/v2\/posts\/55459\/revisions"}],"wp:featuredmedia":[{"embeddable":true,"href":"http:\/\/argentinamunicipal.com.ar\/argentina\/wp-json\/wp\/v2\/media\/55460"}],"wp:attachment":[{"href":"http:\/\/argentinamunicipal.com.ar\/argentina\/wp-json\/wp\/v2\/media?parent=55459"}],"wp:term":[{"taxonomy":"category","embeddable":true,"href":"http:\/\/argentinamunicipal.com.ar\/argentina\/wp-json\/wp\/v2\/categories?post=55459"},{"taxonomy":"post_tag","embeddable":true,"href":"http:\/\/argentinamunicipal.com.ar\/argentina\/wp-json\/wp\/v2\/tags?post=55459"}],"curies":[{"name":"wp","href":"https:\/\/api.w.org\/{rel}","templated":true}]}}