{"id":55481,"date":"2016-11-04T06:00:50","date_gmt":"2016-11-04T09:00:50","guid":{"rendered":"http:\/\/argentinamunicipal.com.ar\/argentina\/?p=55481"},"modified":"2016-11-04T07:00:38","modified_gmt":"2016-11-04T10:00:38","slug":"concejo-venado-tuerto-aprobo-la-creacion-la-guardia-urbana-municipal","status":"publish","type":"post","link":"http:\/\/argentinamunicipal.com.ar\/argentina\/concejo-venado-tuerto-aprobo-la-creacion-la-guardia-urbana-municipal\/","title":{"rendered":"El concejo de Venado Tuerto aprob\u00f3 la creaci\u00f3n de la Guardia Urbana Municipal"},"content":{"rendered":"<p>Con una votaci\u00f3n dividida en el concejo deliberante, se aprob\u00f3 la ordenanza de creaci\u00f3n de la Guardia Urbana Municipal<\/p>\n<p>Con el acompa\u00f1amiento de sus pares del Frente Progresista y del PRO el concejal, Leonel Chiarella logr\u00f3 convertir en ordenanza su proyecto de creaci\u00f3n de la Guardia Urbana Municipal (GUM). En este caso ante el voto negativo de los ediles oficialista y de Liliana Rostom, tuvo que desempatar el presidente del cuerpo, Carlos D\u00edaz V\u00e9lez. Al respecto, el legislador radical indic\u00f3: \u00abLa verdad lamentamos esta decisi\u00f3n, ya que ante temas tan importantes como la seguridad deber\u00edamos dejar de lado las diferencias partidarias y pensar que es lo mejor para la ciudad\u00bb.<\/p>\n<p>Por otra parte, cabe recordar que Chiarella hab\u00eda presentado el proyecto en diciembre del a\u00f1o pasado y el mismo adem\u00e1s de la creaci\u00f3n de una GUM, suger\u00eda la instalaci\u00f3n de 11 puntos fijos de vigilancia en los diferentes barrios. De hecho en ese momento la iniciativa provoc\u00f3 un fuerte cuestionamiento desde el oficialismo, y fueron Germ\u00e1n Mastri y el secretario de Gobierno, Jorge Lagna, quienes adujeron la imposibilidad de dicho proyecto por el alto costo que tendr\u00eda para la ciudad y la imposibilidad de aplicar algunas cuestiones, como la detenci\u00f3n de personas en flagrancia, ya que el personal no puede estar armado, como tampoco realizar allanamientos, ambas acciones de exclusiva competencia del Ministerio de Seguridad y el Poder Judicial, respectivamente.<\/p>\n<p><strong>M\u00e1s seguridad<\/strong><\/p>\n<p>De este modo refiri\u00e9ndose a los pormenores de la ahora ordenanza, el joven edil destac\u00f3: \u00abEste proyecto que ya es ordenanza tiene como objetivo crear una fuerza de seguridad municipal que tendr\u00e1 como principal tarea la prevenci\u00f3n del delito a trav\u00e9s del patrullaje en los diferentes barrios de nuestra ciudad\u00bb.<\/p>\n<p>Seguidamente, consultado por las diferencias con la actual Guardia Urbana Preventiva (GUP), respondi\u00f3: \u00abnosotros planteamos mayores atribuciones, mejor organizaci\u00f3n y una mayor rpesencia en los barrios. Hoy lo que existe es una guardia preevntiva o comunitaria con 5 o 6 agentes en un auto. Queremos profecionalizar ese sistema, por eso dentro de las atribuciones le otorgamos la posibilidades de: solicitar el auxilio de la fuerza p\u00fablica, de aprehender a un individuo cuando est\u00e1 cometiendo un delito de forma infraganti y de solicitar ordenes de allanamientos. Como tambi\u00e9n la atribuci\u00f3n de intervenir en la mediaci\u00f3n y en la prevenci\u00f3n del delito\u201d.<\/p>\n<p>A su vez preguntado sobre la importante cantidad de agentes que existen en la ciudad de diferentes fuerzas, incluida la llegada de gendarmes, insisti\u00f3: \u00abNecesitamos foralecer la presencia del Estado y que haya mayor cantidad de agentes en los barrios. La mayor\u00eda de los agentes de las distintas fuerzas hoy est\u00e1n circunscriptos en lugares muy acotados de la ciudad y los barrios siguen desprotegidos. Adem\u00e1s Gendarmer\u00eda ya estuvo y despu\u00e9s se fue, nosotros necesitamos generar una pol\u00edtica que trascienda el tiempo para poder brindarle seguridad a los vecinos de que la fuerza no se va a ir porque es algo que depende del Estado municipal\u00bb. \u00a0Y agreg\u00f3: \u201cAdem\u00e1s pens\u00e1ndolo a largo plazo si en alg\u00fan momento en Santa Fe la reforma constitucional habilita las autonom\u00edas municipales esto pasar\u00eda a ser la futura polic\u00eda de Venado Tuerto\u201d.<\/p>\n<p>En otro tramo de la entrevista aclar\u00f3 que \u00abla idea es contar con cerca de 100 agentes de a GUM para cubrir toda la ciudad\u00bb y, adevertido sobre las cr\u00edticas vertidas desde el oficialismo municipal por el alto costo que implica el personal que se necesita sumar, aclar\u00f3: \u00abNosotros planteamos afectar unaparte del Derecho de REgistro e Inspecci\u00f3n y en algunos casos sugerimos incorporar personas que ya forman parte del Municipio\u00bb.<\/p>\n<p>Y finalmente, subray\u00f3: \u00abNo se trata de gastar diner sino de invertir lo necesario para que los ciudadanos venadenses se sientan seguros. Si empezamos a discutir n\u00fameros hag\u00e1moslo pero tengamos en cuenta esto\u00bb.<\/p>\n<h6>Fuente: Sin Mordaza<\/h6>\n","protected":false},"excerpt":{"rendered":"<p>Con una votaci\u00f3n dividida en el concejo deliberante, se aprob\u00f3 la ordenanza de creaci\u00f3n de la Guardia Urbana Municipal<\/p>\n","protected":false},"author":2,"featured_media":55482,"comment_status":"closed","ping_status":"closed","sticky":false,"template":"","format":"standard","meta":{"footnotes":""},"categories":[2],"tags":[10],"class_list":["post-55481","post","type-post","status-publish","format-standard","has-post-thumbnail","hentry","category-informe-municipal","tag-santa-fe"],"_links":{"self":[{"href":"http:\/\/argentinamunicipal.com.ar\/argentina\/wp-json\/wp\/v2\/posts\/55481","targetHints":{"allow":["GET"]}}],"collection":[{"href":"http:\/\/argentinamunicipal.com.ar\/argentina\/wp-json\/wp\/v2\/posts"}],"about":[{"href":"http:\/\/argentinamunicipal.com.ar\/argentina\/wp-json\/wp\/v2\/types\/post"}],"author":[{"embeddable":true,"href":"http:\/\/argentinamunicipal.com.ar\/argentina\/wp-json\/wp\/v2\/users\/2"}],"replies":[{"embeddable":true,"href":"http:\/\/argentinamunicipal.com.ar\/argentina\/wp-json\/wp\/v2\/comments?post=55481"}],"version-history":[{"count":0,"href":"http:\/\/argentinamunicipal.com.ar\/argentina\/wp-json\/wp\/v2\/posts\/55481\/revisions"}],"wp:featuredmedia":[{"embeddable":true,"href":"http:\/\/argentinamunicipal.com.ar\/argentina\/wp-json\/wp\/v2\/media\/55482"}],"wp:attachment":[{"href":"http:\/\/argentinamunicipal.com.ar\/argentina\/wp-json\/wp\/v2\/media?parent=55481"}],"wp:term":[{"taxonomy":"category","embeddable":true,"href":"http:\/\/argentinamunicipal.com.ar\/argentina\/wp-json\/wp\/v2\/categories?post=55481"},{"taxonomy":"post_tag","embeddable":true,"href":"http:\/\/argentinamunicipal.com.ar\/argentina\/wp-json\/wp\/v2\/tags?post=55481"}],"curies":[{"name":"wp","href":"https:\/\/api.w.org\/{rel}","templated":true}]}}