{"id":55518,"date":"2016-11-04T08:07:39","date_gmt":"2016-11-04T11:07:39","guid":{"rendered":"http:\/\/argentinamunicipal.com.ar\/argentina\/?p=55518"},"modified":"2016-11-04T08:07:39","modified_gmt":"2016-11-04T11:07:39","slug":"yasky-advirtio-pediran-lo-la-cgt-no-le-planteo-al-gobierno","status":"publish","type":"post","link":"http:\/\/argentinamunicipal.com.ar\/argentina\/yasky-advirtio-pediran-lo-la-cgt-no-le-planteo-al-gobierno\/","title":{"rendered":"Yasky advirti\u00f3 que pedir\u00e1n lo que la CGT \u201cno le plante\u00f3\u201d al Gobierno"},"content":{"rendered":"<p>Aunque asegur\u00f3 que \u201cno ser\u00e1 un acto contra la CGT\u201d, advirti\u00f3 a Info Regi\u00f3n que reclamar\u00e1n cuestiones \u201cque no se plantearon en la reuni\u00f3n\u201d entre el Triunvirato y el Gobierno. Tras anulaci\u00f3n del \u201cdietazo\u201d, sugiri\u00f3 que \u201cla casta pol\u00edtica actualice su salario en funci\u00f3n del promedio obtenido por trabajadores\u201d.<\/p>\n<p>El titular de la CTA, Hugo Yasky, apunt\u00f3 a Info Regi\u00f3n cu\u00e1les ser\u00e1n los ejes de la \u201cJornada Nacional de lucha\u201d que llevar\u00e1n a cabo hoy junto a la central aut\u00f3noma y advirti\u00f3 que si bien \u201cno ser\u00e1 un acto contra la CGT\u201d, se buscar\u00e1 plantear aquellos reclamos \u201cque no se abordaron en el gran di\u00e1logo social\u201d del Triunvirato con el Gobierno y que \u201ctermin\u00f3 en una propuesta de migajas\u201d.<\/p>\n<p>\u201cCreemos que hay que hacer escuchar una voz que sea capaz de clamarle al Gobierno claramente este cambio de rumbo que, lamentablemente, no se pudo plantear en el \u2018gran di\u00e1logo social\u2019, donde el triunvirato de la CGT de alguna manera le cedi\u00f3 el texto y el relato de lo que fueron esas reuniones al propio ministro de Trabajo\u201d, critic\u00f3 Yasky.<\/p>\n<p>Y se\u00f1al\u00f3 que \u201clo que intenta ser presentado como \u2018el gran di\u00e1logo social\u2019 termin\u00f3 siendo una propuesta de migajas\u201d y una \u201creadecuaci\u00f3n del descuento de Ganancias que ni siquiera colma las expectativas iniciales\u201d.<\/p>\n<p>\u201cNo hacemos un acto contra los dirigentes de la CGT. Pero claramente tampoco vamos a convalidar, con el silencio, la inacci\u00f3n con la que desairaron las expectativas de quienes ven\u00edan reclamando la reapertura de la paritaria y una definici\u00f3n muy clara y taxativa respecto de que no va a haber despidos en el sector p\u00fablico\u201d, aclar\u00f3.<\/p>\n<p>Y repudi\u00f3 que \u201cninguna de esas dos cosas fueron ni siquiera planteadas en lo que se denomin\u00f3 el di\u00e1logo\u201d. \u201cEsa es una raz\u00f3n m\u00e1s para que el viernes estemos en Plaza de Mayo expresando a una inmensa mayor\u00eda de los trabajadores de este pa\u00eds, muchos de ellos de la CGT, otros de la CTA y otros tantos que no pertenecen a centrales pero que sienten que los bolsillos cada vez se hacen m\u00e1s chicos y las necesidades son m\u00e1s grandes\u201d, apunt\u00f3.<\/p>\n<p>C\u00f3mo ser\u00e1 la convocatoria. Se trata de una jornada de movilizaci\u00f3n nacional que va a incluir actos en varias provincias. En Buenos Aires, la concentraci\u00f3n comenzar\u00e1 alrededor de las 15 y culminar\u00e1 con un acto a partir de las 17.<\/p>\n<p>\u201cLa convocatoria ser\u00e1 presidida por un pasacalle que tiene la consigna \u2018Ni hambre ni despidos\u2019 y que, de alguna manera, sintetiza las posiciones de los trabajadores identificados en la necesidad de fortalecer la lucha contra el ajuste\u201d, precis\u00f3 Yasky.<\/p>\n<p>En ese marco, volvi\u00f3 a criticar el bono de fin de a\u00f1o acordado entre el Gobierno y la CGT, que esta semana trascendi\u00f3 que para estatales nacionales podr\u00eda llegar hasta los 3.500 pesos. \u201cLos gobernadores, mayoritariamente, plantearon que no lo van a pagar. Esto, traducido, significa que no lo van a cobrar los maestros, los enfermeros, los empleados p\u00fablicos y es indicativo de que el bono lo va a terminar cobrando el universo m\u00e1s reducido de los trabajadores. Porque la UIA expres\u00f3 algo similar\u201d, se\u00f1al\u00f3.<\/p>\n<p>Sin \u201cdietazo\u201d para diputados. Luego de que finalmente se diera marcha atr\u00e1s con el incremento del 47% promedio en los salarios de los legisladores, el titular de la CTA sugiri\u00f3 que \u201cla casta pol\u00edtica actualice su salario en funci\u00f3n del promedio obtenido por los trabajadores\u201d.<\/p>\n<p>\u201cEsta discusi\u00f3n mostr\u00f3 que hay una l\u00ednea divisoria entre dos pa\u00edses. Hay un pa\u00eds donde los ingresos de sectores muy minoritarios siguen creciendo y donde la mayor\u00eda mira eso desde atr\u00e1s del vidrio\u201d, critic\u00f3 y destac\u00f3: \u201cSer\u00eda muy importante que los diputados tomaran como \u00edndice para sus futuros aumentos el promedio de las subas logradas en las paritarias de cada a\u00f1o. porque quiz\u00e1s eso les permitir\u00eda apoyar los pies en la realidad\u201d.<\/p>\n<h6>Fuente: InfoRegi\u00f3n<\/h6>\n","protected":false},"excerpt":{"rendered":"<p>Aunque asegur\u00f3 que \u201cno ser\u00e1 un acto contra la CGT\u201d, advirti\u00f3 a Info Regi\u00f3n que reclamar\u00e1n cuestiones \u201cque no se plantearon en la reuni\u00f3n\u201d entre el Triunvirato y el Gobierno.<\/p>\n","protected":false},"author":2,"featured_media":55519,"comment_status":"closed","ping_status":"closed","sticky":false,"template":"","format":"standard","meta":{"footnotes":""},"categories":[8],"tags":[21],"class_list":["post-55518","post","type-post","status-publish","format-standard","has-post-thumbnail","hentry","category-informe-nacional","tag-argentina"],"_links":{"self":[{"href":"http:\/\/argentinamunicipal.com.ar\/argentina\/wp-json\/wp\/v2\/posts\/55518","targetHints":{"allow":["GET"]}}],"collection":[{"href":"http:\/\/argentinamunicipal.com.ar\/argentina\/wp-json\/wp\/v2\/posts"}],"about":[{"href":"http:\/\/argentinamunicipal.com.ar\/argentina\/wp-json\/wp\/v2\/types\/post"}],"author":[{"embeddable":true,"href":"http:\/\/argentinamunicipal.com.ar\/argentina\/wp-json\/wp\/v2\/users\/2"}],"replies":[{"embeddable":true,"href":"http:\/\/argentinamunicipal.com.ar\/argentina\/wp-json\/wp\/v2\/comments?post=55518"}],"version-history":[{"count":0,"href":"http:\/\/argentinamunicipal.com.ar\/argentina\/wp-json\/wp\/v2\/posts\/55518\/revisions"}],"wp:featuredmedia":[{"embeddable":true,"href":"http:\/\/argentinamunicipal.com.ar\/argentina\/wp-json\/wp\/v2\/media\/55519"}],"wp:attachment":[{"href":"http:\/\/argentinamunicipal.com.ar\/argentina\/wp-json\/wp\/v2\/media?parent=55518"}],"wp:term":[{"taxonomy":"category","embeddable":true,"href":"http:\/\/argentinamunicipal.com.ar\/argentina\/wp-json\/wp\/v2\/categories?post=55518"},{"taxonomy":"post_tag","embeddable":true,"href":"http:\/\/argentinamunicipal.com.ar\/argentina\/wp-json\/wp\/v2\/tags?post=55518"}],"curies":[{"name":"wp","href":"https:\/\/api.w.org\/{rel}","templated":true}]}}