{"id":55524,"date":"2016-11-04T08:14:38","date_gmt":"2016-11-04T11:14:38","guid":{"rendered":"http:\/\/argentinamunicipal.com.ar\/argentina\/?p=55524"},"modified":"2016-11-04T08:14:38","modified_gmt":"2016-11-04T11:14:38","slug":"xenofobia","status":"publish","type":"post","link":"http:\/\/argentinamunicipal.com.ar\/argentina\/xenofobia\/","title":{"rendered":"Xenofobia"},"content":{"rendered":"<p>La xenofobia es el rechazo o la discriminaci\u00f3n de una persona por ser extranjera. Estos discursos tienen un amplio anclaje en el sentido com\u00fan, quiz\u00e1s porque es f\u00e1cil responsabilizar a los migrantes de los problemas estructurales. Esto se debe a que se trata de un sector vulnerable y en situaci\u00f3n de pobreza con poca capacidad para defenderse y para instalar otras miradas.<\/p>\n<p>Recientemente, el senador Miguel \u00c1ngel Pichetto sostuvo que \u201cel problema es que siempre funcionamos como ajuste social de Bolivia y ajuste delictivo de Per\u00fa\u201d. En el mismo sentido, oportunamente, Mauricio Macri sentenci\u00f3: \u201cPareciera que la ciudad de Buenos Aires se tiene que hacer cargo de los pa\u00edses lim\u00edtrofes y eso es imposible. Todos los d\u00edas llegan entre 100 y 200 personas nuevas a la ciudad, que no sabemos qui\u00e9nes son, de la mano del narcotr\u00e1fico y la delincuencia\u201d.<\/p>\n<p>De estas declaraciones se desprende que la responsabilidad del delito es de \u201cellos\u201d, el chivo expiatorio sobre quienes canalizaremos nuestros problemas.<\/p>\n<p>Sin embargo, el 94 por ciento de las personas detenidas en nuestro pa\u00eds son argentinas.<\/p>\n<p>En este marco, los medios de comunicaci\u00f3n juegan un rol clave. Legitiman miradas, formas de ver el mundo que pueden profundizar la discriminaci\u00f3n y la violencia hacia los grupos hist\u00f3ricamente vulnerables de la sociedad.<\/p>\n<p>Esto ocurri\u00f3 durante el menemismo. A modo de ejemplo, la revista La Primera colocaba en su tapa el t\u00edtulo \u201cLa invasi\u00f3n silenciosa\u201d, con la imagen de una persona en situaci\u00f3n de pobreza con el Obelisco de fondo. Por debajo se afirmaba \u201cles quitan el trabajo a los argentinos. Usan hospitales y escuelas\u201d. Se constru\u00eda un discurso que colocaba a un sector social como chivo expiatorio. La culpa es de \u201cellos\u201d, los migrantes. Entonces se simplificaban los problemas. Se buscaba responsabilizar a los migrantes de la desocupaci\u00f3n, la precariedad del sistema de salud y de la destrucci\u00f3n de la educaci\u00f3n cuando, en realidad, eran consecuencias del modelo econ\u00f3mico de exclusi\u00f3n.<\/p>\n<p>Estos discursos xen\u00f3fobos se actualizan y recrean.<\/p>\n<p>Actualmente, Periodismo para Todos emiti\u00f3 un programa titulado \u201cArgentina, pa\u00eds generoso\u201d, en el cual se presentaba cr\u00edticamente que extranjeros ejerzan su derecho a estudiar en nuestro pa\u00eds.<\/p>\n<p>Seg\u00fan nuestra Ley de Migraciones, \u201cel Estado en todas sus jurisdicciones asegurar\u00e1 el acceso igualitario a los inmigrantes y sus familias en las mismas condiciones de protecci\u00f3n, amparo y derechos de los que gozan los nacionales, en particular lo referido a servicios sociales, bienes p\u00fablicos, salud, educaci\u00f3n, justicia, trabajo, empleo y seguridad social\u201d.<\/p>\n<p>Es decir, migrar es un Derecho Humano, y los migrantes que estudian y trabajan ejercen sus derechos.<\/p>\n<p>La consecuencia de estos discursos es dejar de discutir la distribuci\u00f3n de la riqueza, olvidarnos del modelo excluyente que se est\u00e1 implementando y concentrarnos en ellos, los supuestos responsables de nuestros problemas.<\/p>\n<p>Como ocurri\u00f3 en la d\u00e9cada del 90, para tapar nuestros problemas se carga a determinados grupos vulnerables de las responsabilidades, corri\u00e9ndonos el foco de atenci\u00f3n. Como un mago que nos muestra un objeto para ocultar el resto.<\/p>\n<p>Estos discursos no son inocuos. Contribuir\u00e1n a la limitaci\u00f3n de derechos de personas que viven en situaci\u00f3n de vulnerabilidad social. Quienes probablemente luego sufrir\u00e1n mayores niveles de violencia y discriminaci\u00f3n.<\/p>\n<p>Por\u00a0Roberto Samar *<\/p>\n<h6>Fuente: P\u00e1gina 12<\/h6>\n","protected":false},"excerpt":{"rendered":"<p>La xenofobia es el rechazo o la discriminaci\u00f3n de una persona por ser extranjera. Estos discursos tienen un amplio anclaje en el sentido com\u00fan, quiz\u00e1s porque es f\u00e1cil responsabilizar a los migrantes de los problemas estructurales. <\/p>\n","protected":false},"author":2,"featured_media":55525,"comment_status":"closed","ping_status":"closed","sticky":false,"template":"","format":"standard","meta":{"footnotes":""},"categories":[6],"tags":[21],"class_list":["post-55524","post","type-post","status-publish","format-standard","has-post-thumbnail","hentry","category-opiniones","tag-argentina"],"_links":{"self":[{"href":"http:\/\/argentinamunicipal.com.ar\/argentina\/wp-json\/wp\/v2\/posts\/55524","targetHints":{"allow":["GET"]}}],"collection":[{"href":"http:\/\/argentinamunicipal.com.ar\/argentina\/wp-json\/wp\/v2\/posts"}],"about":[{"href":"http:\/\/argentinamunicipal.com.ar\/argentina\/wp-json\/wp\/v2\/types\/post"}],"author":[{"embeddable":true,"href":"http:\/\/argentinamunicipal.com.ar\/argentina\/wp-json\/wp\/v2\/users\/2"}],"replies":[{"embeddable":true,"href":"http:\/\/argentinamunicipal.com.ar\/argentina\/wp-json\/wp\/v2\/comments?post=55524"}],"version-history":[{"count":0,"href":"http:\/\/argentinamunicipal.com.ar\/argentina\/wp-json\/wp\/v2\/posts\/55524\/revisions"}],"wp:featuredmedia":[{"embeddable":true,"href":"http:\/\/argentinamunicipal.com.ar\/argentina\/wp-json\/wp\/v2\/media\/55525"}],"wp:attachment":[{"href":"http:\/\/argentinamunicipal.com.ar\/argentina\/wp-json\/wp\/v2\/media?parent=55524"}],"wp:term":[{"taxonomy":"category","embeddable":true,"href":"http:\/\/argentinamunicipal.com.ar\/argentina\/wp-json\/wp\/v2\/categories?post=55524"},{"taxonomy":"post_tag","embeddable":true,"href":"http:\/\/argentinamunicipal.com.ar\/argentina\/wp-json\/wp\/v2\/tags?post=55524"}],"curies":[{"name":"wp","href":"https:\/\/api.w.org\/{rel}","templated":true}]}}