{"id":55539,"date":"2016-11-07T06:41:43","date_gmt":"2016-11-07T09:41:43","guid":{"rendered":"http:\/\/argentinamunicipal.com.ar\/argentina\/?p=55539"},"modified":"2016-11-07T06:41:43","modified_gmt":"2016-11-07T09:41:43","slug":"lanzaron-rio-cuarto-foro-provincial-concejos-deliberantes","status":"publish","type":"post","link":"http:\/\/argentinamunicipal.com.ar\/argentina\/lanzaron-rio-cuarto-foro-provincial-concejos-deliberantes\/","title":{"rendered":"Lanzaron en R\u00edo Cuarto el Foro Provincial de Concejos Deliberantes"},"content":{"rendered":"<p>Qued\u00f3 constituido ayer el Foro Provincial de Concejos Deliberantes de C\u00f3rdoba en el marco del Consejo Federal de Legisladores Comunales de la Rep\u00fablica Argentina (Cofelco).<\/p>\n<p>El encuentro se llev\u00f3 a cabo en el Sal\u00f3n Blanco del Palacio Municipal.<\/p>\n<p>\u201cSe conform\u00f3 la mesa ejecutiva provisoria de los concejos deliberantes de la provincia hasta tanto se concrete la adhesi\u00f3n de C\u00f3rdoba a la ley nacional\u201d, dijo a PUNTAL el secretario de Relaciones Institucionales y Comunicaci\u00f3n y concejal mandato cumplido (2008-2016), Guillermo Natali.<\/p>\n<p>El presidente del Foro Provincial es Jos\u00e9 Carignano (Villa Mar\u00eda), el vicepresidente primero Oscar Sequeira (Villa Carlos Paz) y el vicepresidente segundo un concejal de R\u00edo Cuarto que el Legislativo local tiene que designar.<\/p>\n<p>En cuanto a las secretar\u00edas, estas est\u00e1n a cargo de Mar\u00eda Baldrich (Las Varillas), Elena Guerin (Villa Allende) y Luis Giacinti (Almafuerte).<\/p>\n<p>Como tesorera fue nominada Mar\u00eda Vasallo (Monte Ma\u00edz).<\/p>\n<p>Las vocal\u00edas ser\u00e1n ejercidas por ediles que representar\u00e1n a cada uno de los departamentos.<\/p>\n<p>El encuentro cont\u00f3 con la participaci\u00f3n del intendente Juan Manuel Llamosas y del presidente de Cofelco, Edgardo Amarilla, quien se refiri\u00f3 al trabajo articulado entre los distintos concejos deliberantes que se abre a partir de la existencia del Consejo Federal.<\/p>\n<h6>Fuente: El Puntal<\/h6>\n","protected":false},"excerpt":{"rendered":"<p>Qued\u00f3 constituido ayer el Foro Provincial de Concejos Deliberantes de C\u00f3rdoba en el marco del Consejo Federal de Legisladores Comunales de la Rep\u00fablica Argentina (Cofelco).<\/p>\n","protected":false},"author":2,"featured_media":55540,"comment_status":"closed","ping_status":"closed","sticky":false,"template":"","format":"standard","meta":{"footnotes":""},"categories":[2],"tags":[3],"class_list":["post-55539","post","type-post","status-publish","format-standard","has-post-thumbnail","hentry","category-informe-municipal","tag-cordoba"],"_links":{"self":[{"href":"http:\/\/argentinamunicipal.com.ar\/argentina\/wp-json\/wp\/v2\/posts\/55539","targetHints":{"allow":["GET"]}}],"collection":[{"href":"http:\/\/argentinamunicipal.com.ar\/argentina\/wp-json\/wp\/v2\/posts"}],"about":[{"href":"http:\/\/argentinamunicipal.com.ar\/argentina\/wp-json\/wp\/v2\/types\/post"}],"author":[{"embeddable":true,"href":"http:\/\/argentinamunicipal.com.ar\/argentina\/wp-json\/wp\/v2\/users\/2"}],"replies":[{"embeddable":true,"href":"http:\/\/argentinamunicipal.com.ar\/argentina\/wp-json\/wp\/v2\/comments?post=55539"}],"version-history":[{"count":0,"href":"http:\/\/argentinamunicipal.com.ar\/argentina\/wp-json\/wp\/v2\/posts\/55539\/revisions"}],"wp:featuredmedia":[{"embeddable":true,"href":"http:\/\/argentinamunicipal.com.ar\/argentina\/wp-json\/wp\/v2\/media\/55540"}],"wp:attachment":[{"href":"http:\/\/argentinamunicipal.com.ar\/argentina\/wp-json\/wp\/v2\/media?parent=55539"}],"wp:term":[{"taxonomy":"category","embeddable":true,"href":"http:\/\/argentinamunicipal.com.ar\/argentina\/wp-json\/wp\/v2\/categories?post=55539"},{"taxonomy":"post_tag","embeddable":true,"href":"http:\/\/argentinamunicipal.com.ar\/argentina\/wp-json\/wp\/v2\/tags?post=55539"}],"curies":[{"name":"wp","href":"https:\/\/api.w.org\/{rel}","templated":true}]}}