{"id":55558,"date":"2016-11-07T06:29:10","date_gmt":"2016-11-07T09:29:10","guid":{"rendered":"http:\/\/argentinamunicipal.com.ar\/argentina\/?p=55558"},"modified":"2016-11-07T07:31:51","modified_gmt":"2016-11-07T10:31:51","slug":"los-represores-ganaron-mas-tiempo","status":"publish","type":"post","link":"http:\/\/argentinamunicipal.com.ar\/argentina\/los-represores-ganaron-mas-tiempo\/","title":{"rendered":"Los represores ganaron m\u00e1s tiempo"},"content":{"rendered":"<p>El juicio por cr\u00edmenes de lesa humanidad ya deber\u00eda haber comenzado, pero la Justicia hizo lugar al pedido de la defensa de los represores para que fueran unificadas varias causas. La nueva fecha de inicio es el 6 de marzo de 2017.<\/p>\n<p>El juicio por la Noche de los Apagones ya deber\u00eda estar en marcha, pero los represores acusados volvieron a ganar tiempo y este proceso comenzar\u00eda reci\u00e9n en marzo. La causa abarca los cr\u00edmenes de lesa humanidad ocurridos en julio de 1976 en las localidades juje\u00f1as de Libertador General San Mart\u00edn, Calilegua y El Talar, cuando se produjeron cortes del suministro el\u00e9ctrico, y en un operativo conjunto del Ej\u00e9rcito, la Gendarmer\u00eda y la polic\u00eda provincial, fueron detenidas m\u00e1s de 400 personas, de las cuales 33 a\u00fan contin\u00faan desaparecidas.<\/p>\n<p>El due\u00f1o del Ingenio Ledesma, Carlos Pedro Blaquier, y el ex administrador de la firma Alberto Lemos fueron denunciados por complicidad al haber aportado los camiones del ingenio para transportar a los detenidos, adem\u00e1s de haber armado listas negras de los obreros azucareros. Sin embargo, por decisi\u00f3n de la sala IV de la C\u00e1mara Federal de Casaci\u00f3n, Blaquier y Lemos recibieron la falta de m\u00e9rito y quedaron apartados de la causa. La fiscal\u00eda y la querella apelaron a la Corte Suprema, que a\u00fan no se expidi\u00f3 sobre el tema.<\/p>\n<p>La postergaci\u00f3n de este esperado juicio por los familiares y v\u00edctimas de la \u00faltima dictadura se resolvi\u00f3 a partir de la decisi\u00f3n del Tribunal Oral Federal (TOF), que hizo lugar al pedido de la defensa de los represores para que fueran unificadas varias causas. De esta manera, la nueva fecha de inicio del juicio ser\u00eda el 6 de marzo pr\u00f3ximo.<\/p>\n<p>Se conformar\u00eda una megacausa con el juicio de la Noche de los Apagones \u2013causas Burgos, Ar\u00e9dez y Bernard\u2013 que tiene a once imputados y diecisiete v\u00edctimas, junto con otros procesos. Uno de esos expedientes es el caso del represor Juan Carlos Jones Tamayo, detenido en octubre de 2014 despu\u00e9s de permanecer tres a\u00f1os pr\u00f3fugo y acusado por secuestros, torturas y desapariciones, delitos cometidos en Salta y Jujuy. Tamayo fue parte del aparato de inteligencia del Batall\u00f3n 601 con responsabilidad de jefe en el \u00e1rea de ambas provincias, un organismo que comenz\u00f3 a operar en 1975 como parte del Operativo Independencia y que tuvo como eje el ataque a los sindicatos azucareros del norte del pa\u00eds.<\/p>\n<p>Tambi\u00e9n se juntar\u00edan causas a\u00fan sin juzgar por cr\u00edmenes de los que fueron v\u00edctimas trabajadores de Mina Aguilar. El 3 de mayo de 2013 se dict\u00f3 sentencia sobre tres represores: prisi\u00f3n perpetua para los tenientes Mariano Braga y Jos\u00e9 Bulgheroni, y 25 a\u00f1os de prisi\u00f3n para Antonio Vargas, ex interventor del Servicio Penitenciario Federal (Villa Gorriti).<\/p>\n<p>Despu\u00e9s del golpe de Estado del 24 de marzo de 1976 fueron detenidos nueve obreros mineros por el Ej\u00e9rcito y la Gendarmer\u00eda, luego fueron trasladados en camiones de la compa\u00f1\u00eda minera St. Joseph Lead Co. Por este motivo, est\u00e1n imputados el entonces jefe de personal de la mina, Eduardo L\u00f3pez, y otro directivo, Luis Arzuaga. Permanece desaparecido el dirigente minero y luego ministro de Trabajo de Jujuy en 1973, Avelino Baz\u00e1n, que fue detenido por \u00faltima vez en 1978.<\/p>\n<p>Tambi\u00e9n se incorporar\u00eda a esta megacausa un expediente por delitos cometidos contra la ex presa pol\u00edtica Soledad L\u00f3pez y otro, en instrucci\u00f3n, por abuso sexual contra v\u00edctimas del terrorismo de Estado.<\/p>\n<p>Los detenidos en la mina y en la zona del ingenio fueron conducidos al Regimiento de Infanter\u00eda de Monta\u00f1a 20 (RIM 20) y al penal de \u201cGorriti\u201d. En ese momento, el jefe del RIM 20 era el coronel Guillermo Siri, quien no se encuentra imputado, sino que fue nombrado en la actualidad jefe de Seguridad del gobierno juje\u00f1o, encabezado por Gerardo Morales.<\/p>\n<p>El modus operandi de la represi\u00f3n fue el mismo: un accionar com\u00fan entre el Ej\u00e9rcito, la Gendarmer\u00eda y la polic\u00eda provincial, con la participaci\u00f3n de los directivos de las empresas Ledesma y Minera Aguilar, aportando log\u00edstica, camiones y listas negras. Relatos de los sobrevivientes evidencian c\u00f3mo se encontraban obreros azucareros y mineros en el mismo penal sufriendo torturas y vej\u00e1menes.<\/p>\n<h6>Fuente: P\u00e1gina 12<\/h6>\n","protected":false},"excerpt":{"rendered":"<p>El juicio por cr\u00edmenes de lesa humanidad ya deber\u00eda haber comenzado, pero la Justicia hizo lugar al pedido de la defensa de los represores para que fueran unificadas varias causas. La nueva fecha de inicio es el 6 de marzo de 2017.<\/p>\n","protected":false},"author":2,"featured_media":55559,"comment_status":"closed","ping_status":"closed","sticky":false,"template":"","format":"standard","meta":{"footnotes":""},"categories":[8],"tags":[21],"class_list":["post-55558","post","type-post","status-publish","format-standard","has-post-thumbnail","hentry","category-informe-nacional","tag-argentina"],"_links":{"self":[{"href":"http:\/\/argentinamunicipal.com.ar\/argentina\/wp-json\/wp\/v2\/posts\/55558","targetHints":{"allow":["GET"]}}],"collection":[{"href":"http:\/\/argentinamunicipal.com.ar\/argentina\/wp-json\/wp\/v2\/posts"}],"about":[{"href":"http:\/\/argentinamunicipal.com.ar\/argentina\/wp-json\/wp\/v2\/types\/post"}],"author":[{"embeddable":true,"href":"http:\/\/argentinamunicipal.com.ar\/argentina\/wp-json\/wp\/v2\/users\/2"}],"replies":[{"embeddable":true,"href":"http:\/\/argentinamunicipal.com.ar\/argentina\/wp-json\/wp\/v2\/comments?post=55558"}],"version-history":[{"count":0,"href":"http:\/\/argentinamunicipal.com.ar\/argentina\/wp-json\/wp\/v2\/posts\/55558\/revisions"}],"wp:featuredmedia":[{"embeddable":true,"href":"http:\/\/argentinamunicipal.com.ar\/argentina\/wp-json\/wp\/v2\/media\/55559"}],"wp:attachment":[{"href":"http:\/\/argentinamunicipal.com.ar\/argentina\/wp-json\/wp\/v2\/media?parent=55558"}],"wp:term":[{"taxonomy":"category","embeddable":true,"href":"http:\/\/argentinamunicipal.com.ar\/argentina\/wp-json\/wp\/v2\/categories?post=55558"},{"taxonomy":"post_tag","embeddable":true,"href":"http:\/\/argentinamunicipal.com.ar\/argentina\/wp-json\/wp\/v2\/tags?post=55558"}],"curies":[{"name":"wp","href":"https:\/\/api.w.org\/{rel}","templated":true}]}}