{"id":55574,"date":"2016-11-07T06:00:24","date_gmt":"2016-11-07T09:00:24","guid":{"rendered":"http:\/\/argentinamunicipal.com.ar\/argentina\/?p=55574"},"modified":"2016-11-07T07:54:18","modified_gmt":"2016-11-07T10:54:18","slug":"defendamos-la-ciencia-argentina-petitorio-recorte-reune-mas-30-mil-firmas","status":"publish","type":"post","link":"http:\/\/argentinamunicipal.com.ar\/argentina\/defendamos-la-ciencia-argentina-petitorio-recorte-reune-mas-30-mil-firmas\/","title":{"rendered":"\u00abDefendamos la ciencia argentina\u00bb: el petitorio contra el recorte que re\u00fane m\u00e1s de 30 mil firmas"},"content":{"rendered":"<p>El reclamo busca que no se recorten los fondos destinados al \u00e1rea de ciencia y tecnolog\u00eda. El presidente Macri hab\u00eda prometido en campa\u00f1a invertir el 1,5 % del presupuesto, sin embargo en el proyecto aprobado en la C\u00e1mara de Diputados, la inversi\u00f3n para el sector no supera el 1,3. Se reduce un 10 % respecto a 2016.<\/p>\n<p>Uno esperaba, en base a las promesas que hab\u00eda hecho el gobierno, que se mantuviese o se aumentase el presupuesto en ciencia y t\u00e9cnica\u00bb<br \/>\nEl petitorio \u00abDefendamos la ciencia argentina\u00bb fue entregado en el Congreso; Juan Reboreda, Decano de la Facultad de Ciencias Exactas de la UBA en QM Noticias se manifest\u00f3 sorprendido porque seg\u00fan sostuvo el c\u00e1lculo definido por el Gobierno Nacional representa una reducci\u00f3n del 10 % respecto a lo destinado en 2016.<\/p>\n<p>Reboreda indic\u00f3 que se trata \u201cfundamentalmente de fondos destinados a subsidios de investigaci\u00f3n, al financiamiento de la biblioteca electr\u00f3nica\u201d y otros proyectos en marcha que\u00a0 \u201cse ver\u00e1n afectados\u201d.<\/p>\n<p>Sobre la media sanci\u00f3n que ya obtuvo el Presupuesto 2017 en Diputados y el acuerdo para que sin modificaciones sea aprobado en Senadores, el Decano de la Facultad de Ciencias Exactas dijo: \u201cSiempre existe la posibilidad de la reasignaci\u00f3n de partidas\u201d pero se pregunt\u00f3 \u201c\u00bfPorqu\u00e9 no, directamente aprobar un presupuesto que implique al menos una correcci\u00f3n por inflaci\u00f3n de lo que fue el presupuesto 2016?\u201d<\/p>\n<h6>Fuente: InfoCielo<\/h6>\n","protected":false},"excerpt":{"rendered":"<p>El reclamo busca que no se recorten los fondos destinados al \u00e1rea de ciencia y tecnolog\u00eda. El presidente Macri hab\u00eda prometido en campa\u00f1a invertir el 1,5 % del presupuesto, sin embargo en el proyecto aprobado en la C\u00e1mara de Diputados, la inversi\u00f3n para el sector no supera el 1,3.<\/p>\n","protected":false},"author":2,"featured_media":55575,"comment_status":"closed","ping_status":"closed","sticky":false,"template":"","format":"standard","meta":{"footnotes":""},"categories":[8],"tags":[21],"class_list":["post-55574","post","type-post","status-publish","format-standard","has-post-thumbnail","hentry","category-informe-nacional","tag-argentina"],"_links":{"self":[{"href":"http:\/\/argentinamunicipal.com.ar\/argentina\/wp-json\/wp\/v2\/posts\/55574","targetHints":{"allow":["GET"]}}],"collection":[{"href":"http:\/\/argentinamunicipal.com.ar\/argentina\/wp-json\/wp\/v2\/posts"}],"about":[{"href":"http:\/\/argentinamunicipal.com.ar\/argentina\/wp-json\/wp\/v2\/types\/post"}],"author":[{"embeddable":true,"href":"http:\/\/argentinamunicipal.com.ar\/argentina\/wp-json\/wp\/v2\/users\/2"}],"replies":[{"embeddable":true,"href":"http:\/\/argentinamunicipal.com.ar\/argentina\/wp-json\/wp\/v2\/comments?post=55574"}],"version-history":[{"count":0,"href":"http:\/\/argentinamunicipal.com.ar\/argentina\/wp-json\/wp\/v2\/posts\/55574\/revisions"}],"wp:featuredmedia":[{"embeddable":true,"href":"http:\/\/argentinamunicipal.com.ar\/argentina\/wp-json\/wp\/v2\/media\/55575"}],"wp:attachment":[{"href":"http:\/\/argentinamunicipal.com.ar\/argentina\/wp-json\/wp\/v2\/media?parent=55574"}],"wp:term":[{"taxonomy":"category","embeddable":true,"href":"http:\/\/argentinamunicipal.com.ar\/argentina\/wp-json\/wp\/v2\/categories?post=55574"},{"taxonomy":"post_tag","embeddable":true,"href":"http:\/\/argentinamunicipal.com.ar\/argentina\/wp-json\/wp\/v2\/tags?post=55574"}],"curies":[{"name":"wp","href":"https:\/\/api.w.org\/{rel}","templated":true}]}}