{"id":55595,"date":"2016-11-07T08:36:51","date_gmt":"2016-11-07T11:36:51","guid":{"rendered":"http:\/\/argentinamunicipal.com.ar\/argentina\/?p=55595"},"modified":"2016-11-07T08:37:45","modified_gmt":"2016-11-07T11:37:45","slug":"32a-fiesta-las-colectividades-rosario-del-4-al-11-noviembre","status":"publish","type":"post","link":"http:\/\/argentinamunicipal.com.ar\/argentina\/32a-fiesta-las-colectividades-rosario-del-4-al-11-noviembre\/","title":{"rendered":"32\u00aa Fiesta de las Colectividades en Rosario, del 4 al 11 de noviembre"},"content":{"rendered":"<p>Se desarrollar\u00e1 desde el 4 hasta el 11 de noviembre en el predio del Parque a la Bandera<\/p>\n<p>Este viernes se realiz\u00f3 la presentaci\u00f3n oficial del XXXII Encuentro y Fiesta Nacional de Colectividades, que tendr\u00e1 lugar desde el viernes 4 al domingo 11 de noviembre en el predio del Parque Nacional a la Bandera, y en el que durante diez noches medio centenar de comunidades expondr\u00e1 tradiciones, danzas y m\u00fasica junto a la m\u00e1s variada gastronom\u00eda.<\/p>\n<p>La ceremonia de lanzamiento se inici\u00f3 con la llegada a las escalinatas de la sede de la Municipalidad de Rosario de las distintas agrupaciones, luego del tradicional desfile con trajes t\u00edpicos a lo largo de la peatonal C\u00f3rdoba, y cont\u00f3 con la presencia de la actual soberana de la fiesta, Soledad Silva (Per\u00fa); la princesa Roc\u00edo Daiana Ravelli Pechara (L\u00edbano), y Miss Trayectoria, Candelaria P\u00e9rez Garc\u00eda (Centro Navarro). Adem\u00e1s, se concret\u00f3 la presentaci\u00f3n formal de las 23 candidatas que se postulan este a\u00f1o en busca del reinado.<\/p>\n<p>La Fiesta de las Colectividades hace de noviembre un mes especial en el calendario de las celebraciones populares de Argentina. Medio centenar de colectividades de los cinco continentes instalan bajo las estrellas sus costumbres, sus bailes y su gastronom\u00eda, dando paso a diez noches que convocan a m\u00e1s de medio mill\u00f3n de personas.<\/p>\n<p>Llegando a los 32 a\u00f1os de celebraciones ininterrumpidas, esta fiesta se convirti\u00f3 en patrimonio de todos aquellos que, desde diversos puntos del pa\u00eds, concurren tanto para reencontrarse con las tradiciones de sus ancestros como para disfrutar de un distendido paseo por las culturas del mundo.<\/p>\n<h6>Fuente: Sin Mordaza<\/h6>\n","protected":false},"excerpt":{"rendered":"<p>Se desarrollar\u00e1 desde el 4 hasta el 11 de noviembre en el predio del Parque a la Bandera    <\/p>\n","protected":false},"author":2,"featured_media":55596,"comment_status":"closed","ping_status":"closed","sticky":false,"template":"","format":"standard","meta":{"footnotes":""},"categories":[47],"tags":[10],"class_list":["post-55595","post","type-post","status-publish","format-standard","has-post-thumbnail","hentry","category-fiestas","tag-santa-fe"],"_links":{"self":[{"href":"http:\/\/argentinamunicipal.com.ar\/argentina\/wp-json\/wp\/v2\/posts\/55595","targetHints":{"allow":["GET"]}}],"collection":[{"href":"http:\/\/argentinamunicipal.com.ar\/argentina\/wp-json\/wp\/v2\/posts"}],"about":[{"href":"http:\/\/argentinamunicipal.com.ar\/argentina\/wp-json\/wp\/v2\/types\/post"}],"author":[{"embeddable":true,"href":"http:\/\/argentinamunicipal.com.ar\/argentina\/wp-json\/wp\/v2\/users\/2"}],"replies":[{"embeddable":true,"href":"http:\/\/argentinamunicipal.com.ar\/argentina\/wp-json\/wp\/v2\/comments?post=55595"}],"version-history":[{"count":0,"href":"http:\/\/argentinamunicipal.com.ar\/argentina\/wp-json\/wp\/v2\/posts\/55595\/revisions"}],"wp:featuredmedia":[{"embeddable":true,"href":"http:\/\/argentinamunicipal.com.ar\/argentina\/wp-json\/wp\/v2\/media\/55596"}],"wp:attachment":[{"href":"http:\/\/argentinamunicipal.com.ar\/argentina\/wp-json\/wp\/v2\/media?parent=55595"}],"wp:term":[{"taxonomy":"category","embeddable":true,"href":"http:\/\/argentinamunicipal.com.ar\/argentina\/wp-json\/wp\/v2\/categories?post=55595"},{"taxonomy":"post_tag","embeddable":true,"href":"http:\/\/argentinamunicipal.com.ar\/argentina\/wp-json\/wp\/v2\/tags?post=55595"}],"curies":[{"name":"wp","href":"https:\/\/api.w.org\/{rel}","templated":true}]}}