{"id":55634,"date":"2016-11-08T06:00:54","date_gmt":"2016-11-08T09:00:54","guid":{"rendered":"http:\/\/argentinamunicipal.com.ar\/argentina\/?p=55634"},"modified":"2016-11-08T07:51:34","modified_gmt":"2016-11-08T10:51:34","slug":"bajaran-los-precios-las-computadoras-preven-al-menos-1-000-despidos","status":"publish","type":"post","link":"http:\/\/argentinamunicipal.com.ar\/argentina\/bajaran-los-precios-las-computadoras-preven-al-menos-1-000-despidos\/","title":{"rendered":"Bajar\u00e1n los precios de las computadoras, pero prev\u00e9n al menos 1.000 despidos"},"content":{"rendered":"<p>Desde marzo del a\u00f1o pr\u00f3ximo se eliminar\u00e1n los aranceles de importaci\u00f3n para computadoras, netbooks y tablets. Implicar\u00eda una baja del 50% en el precio final de esos productos. Advierten que la medida provocar\u00e1 despidos.<\/p>\n<p>El Gobierno anunci\u00f3 la eliminaci\u00f3n desde marzo del arancel del 35% para la importaci\u00f3n de computadores, notebooks y tablets con el objetivo de bajar los precios a la mitad y mejorar la calidad, y reconoci\u00f3 que la medida provocar\u00e1 unos 1.000 despidos, aunque para la c\u00e1mara del sector son 15.000 los empleos en riesgo.<\/p>\n<p>Con el prop\u00f3sito de atenuar los efectos que tendr\u00e1 esta resoluci\u00f3n y durante el per\u00edodo de \u00abtransici\u00f3n\u00bb, el Gobierno promover\u00e1 planes de capacitaci\u00f3n, seguro laboral y acuerdos con empleadores donde el Estado cubrir\u00e1 hasta el 50% del salario por un a\u00f1o de los cesanteados.<\/p>\n<p>Para justificar la controvertida medida que ya provoc\u00f3 el rechazo de la c\u00e1mara que agrupa a fabricantes de electr\u00f3nica, el Gobierno hizo una comparaci\u00f3n de los precios de las computadores en la Argentina con pa\u00edses de la regi\u00f3n.<\/p>\n<p>En un comunicado, el Ministerio de Producci\u00f3n se\u00f1al\u00f3 que en el pa\u00eds una computadora cuesta 80% m\u00e1s que en Colombia; 50% m\u00e1s que en Chile y casi el triple que en Estados Unidos (175%) y afirm\u00f3 que ese sobrecosto \u00ablo pagan las pymes y las familias\u00bb.<\/p>\n<p>La cartera que conduce Francisco Cabrera afirm\u00f3 que la medida tiene como objetivo potenciar \u00abde manera transversal la econom\u00eda argentina y generar 15.000 nuevos empleos en 3 a\u00f1os\u00bb.<\/p>\n<p>Estim\u00f3 que \u00abde esta manera se reducir\u00e1n precios, mejorar\u00e1 la calidad de las computadoras, y aumentar\u00e1 la productividad de miles de empresas en el pa\u00eds\u00bb.<\/p>\n<p>Juntamente con la medida el gobierno anunci\u00f3 subsidios salariales y planes de capacitaci\u00f3n para alrededor de 1.000 trabajadores que perder\u00e1n su empleo como consecuencia de esa medida.<\/p>\n<p>No obstante, la C\u00e1mara Argentina de Industrias Electr\u00f3nicas, Electromec\u00e1nicas y Luminot\u00e9cnicas (CADIEEL) denunci\u00f3 que el impacto ser\u00e1 mayor y que m\u00e1s de 12 mil empleos de la cadena de valor de equipos de tecnolog\u00eda inform\u00e1tica corren riesgo ante la baja de aranceles.<\/p>\n<p>Adem\u00e1s, la entidad advirti\u00f3 acerca de una \u00abinvasi\u00f3n\u00bb de productos asi\u00e1ticos y por eso pidi\u00f3 la conformaci\u00f3n de una mesa de di\u00e1logo con fabricantes y trabajadores.<\/p>\n<p>Por el contrario, el secretario de Comercio, Miguel Braun, sostuvo que la Argentina \u00abes el pa\u00eds de la regi\u00f3n donde las computadoras son m\u00e1s caras por falta de competencia\u00bb.<\/p>\n<p>\u00abEse sobrecosto lo pagan todos los ciudadanos. El Estado tiene la responsabilidad de que la tecnolog\u00eda sea accesible a quienes dan empleo pero fundamentalmente tiene que contribuir a reducir la brecha digital. Vamos a hacerlo cuidando el empleo\u00bb, sostuvo Braun.<\/p>\n<p>Tras estimar que alrededor de 1.000 trabajadores se ver\u00e1n afectados por la medida, el Ministerio inform\u00f3 que est\u00e1 trabajando con la cartera laboral que conduce Jorge Triaca para atenuar los efectos de la medida.<\/p>\n<p>Agrega que los trabajadores afectados \u00abpodr\u00e1n participar voluntariamente del programa de transformaci\u00f3n laboral para reorientar su carrera hacia los sectores m\u00e1s din\u00e1micos, con demanda de empleo y oportunidades de competitividad genuina\u00bb.<\/p>\n<p>Tres cuartas partes de las fuentes de trabajo que podr\u00edan perderse est\u00e1n en Ciudad de Buenos Aires y provincia de Buenos Aires, mientras que tambi\u00e9n impactar\u00eda en dos l\u00edneas de producci\u00f3n que se encuentran en Tierra del Fuego.<\/p>\n<p>El comunicado explica que el Gobierno implementara un plan de financiamiento de 18 cuotas para la notebooks de ensamblado nacional y que el Estado comprar\u00e1 otras 250.000 unidades para el Programa Conectar Igualdad.<\/p>\n<p>Cabrera se\u00f1al\u00f3 que \u00abla estrategia de transformaci\u00f3n que busca mejorar la competitividad de toda la econom\u00eda con el objetivo de generar empleo, es parte del Plan Productivo Nacional\u00bb.<\/p>\n<p>\u00abSin competencia tenemos computadoras obsoletas y caras, y trabajadores subempleados con bajos salarios y con competencia, las pymes y las familias van a tener acceso a mejor tecnolog\u00eda, generar\u00e1n nuevos puestos de trabajo y el Estado acompa\u00f1ar\u00e1 a los trabajadores en la transici\u00f3n. El acceso a la tecnolog\u00eda a la vez favorecer\u00e1 la inclusi\u00f3n digital\u00bb, agreg\u00f3 el funcionario.<\/p>\n<h6>Fuente: El Once<\/h6>\n","protected":false},"excerpt":{"rendered":"<p>Desde marzo del a\u00f1o pr\u00f3ximo se eliminar\u00e1n los aranceles de importaci\u00f3n para computadoras, netbooks y tablets. Implicar\u00eda una baja del 50% en el precio final de esos productos. Advierten que la medida provocar\u00e1 despidos.<\/p>\n","protected":false},"author":2,"featured_media":55635,"comment_status":"closed","ping_status":"closed","sticky":false,"template":"","format":"standard","meta":{"footnotes":""},"categories":[8],"tags":[21],"class_list":["post-55634","post","type-post","status-publish","format-standard","has-post-thumbnail","hentry","category-informe-nacional","tag-argentina"],"_links":{"self":[{"href":"http:\/\/argentinamunicipal.com.ar\/argentina\/wp-json\/wp\/v2\/posts\/55634","targetHints":{"allow":["GET"]}}],"collection":[{"href":"http:\/\/argentinamunicipal.com.ar\/argentina\/wp-json\/wp\/v2\/posts"}],"about":[{"href":"http:\/\/argentinamunicipal.com.ar\/argentina\/wp-json\/wp\/v2\/types\/post"}],"author":[{"embeddable":true,"href":"http:\/\/argentinamunicipal.com.ar\/argentina\/wp-json\/wp\/v2\/users\/2"}],"replies":[{"embeddable":true,"href":"http:\/\/argentinamunicipal.com.ar\/argentina\/wp-json\/wp\/v2\/comments?post=55634"}],"version-history":[{"count":0,"href":"http:\/\/argentinamunicipal.com.ar\/argentina\/wp-json\/wp\/v2\/posts\/55634\/revisions"}],"wp:featuredmedia":[{"embeddable":true,"href":"http:\/\/argentinamunicipal.com.ar\/argentina\/wp-json\/wp\/v2\/media\/55635"}],"wp:attachment":[{"href":"http:\/\/argentinamunicipal.com.ar\/argentina\/wp-json\/wp\/v2\/media?parent=55634"}],"wp:term":[{"taxonomy":"category","embeddable":true,"href":"http:\/\/argentinamunicipal.com.ar\/argentina\/wp-json\/wp\/v2\/categories?post=55634"},{"taxonomy":"post_tag","embeddable":true,"href":"http:\/\/argentinamunicipal.com.ar\/argentina\/wp-json\/wp\/v2\/tags?post=55634"}],"curies":[{"name":"wp","href":"https:\/\/api.w.org\/{rel}","templated":true}]}}