{"id":55637,"date":"2016-11-08T05:52:26","date_gmt":"2016-11-08T08:52:26","guid":{"rendered":"http:\/\/argentinamunicipal.com.ar\/argentina\/?p=55637"},"modified":"2016-11-08T07:56:17","modified_gmt":"2016-11-08T10:56:17","slug":"organismo-oficial-dice-solo-hubo-6-348-desaparecidos","status":"publish","type":"post","link":"http:\/\/argentinamunicipal.com.ar\/argentina\/organismo-oficial-dice-solo-hubo-6-348-desaparecidos\/","title":{"rendered":"Organismo oficial dice que s\u00f3lo hubo 6.348 desaparecidos"},"content":{"rendered":"<p>La cifra se desprende de un informe elaborado por un organismo que depende del Ministerio de Justicia. El presidente Macri dijo que \u201ces un debate en el que no voy a entrar. No tengo idea si fueron 9 o 30 mil\u00bb.<\/p>\n<p>Un organismo oficial sostuvo que los desaparecidos durante la \u00faltima dictadura fueron 6.348 y que otras 952 personas fueron asesinadas sin mediar desaparici\u00f3n forzada.<\/p>\n<p>As\u00ed se desprende del informe que el Registro Unificado de V\u00edctimas del Terrorismo de Estado (RUVTE), dependiente del Ministerio de Justicia, remiti\u00f3 a la ONG Ciudadanos Libres, que hab\u00eda pedido esa precisi\u00f3n incluyendo tambi\u00e9n a las v\u00edctimas de violaciones a los derechos humanos durante el gobierno peronista de 1973-1976.<\/p>\n<p>El documento indica que \u201cdurante ambos per\u00edodos solicitados (peronista y militar) se produjeron 7.010 desapariciones forzadas y 1.561 asesinatos sin mediar desaparici\u00f3n forzada, lo que hace un total, para ambos per\u00edodos, de 8.571 v\u00edctimas de terrorismo de Estado\u201d.<\/p>\n<p>Esa cifra podr\u00eda incrementarse levemente, pues el RUVTE reconoci\u00f3 que posee \u201cinformaci\u00f3n sobre 135 casos observados o en investigaci\u00f3n y 789 casos sin denuncia penal (en calidad de v\u00edctimas presuntas en investigaci\u00f3n)\u201d.<\/p>\n<p>El tema de la cantidad de desaparecidos reaviv\u00f3 un debate en los \u00faltimos meses donde estuvo involucrado incluso el presidente Mauricio Macri, quien sostuvo que \u201ces un debate en el que no voy a entrar. No tengo idea si fueron 9 o 30 mil. Si son los que est\u00e1n anotados en un muro o son muchos m\u00e1s. Es una discusi\u00f3n que no tiene sentido\u201d.<\/p>\n<p>Y el ex ministro de Cultura porte\u00f1o Dar\u00edo Lop\u00e9rfido dijo que \u201cno hubo 30.000 desaparecidos\u201d y que \u201cese n\u00famero se arregl\u00f3 en una mesa\u201d. Tal afirmaci\u00f3n le cost\u00f3 el cargo, aunque mantuvo la direcci\u00f3n del Teatro Col\u00f3n.<\/p>\n<p>Del total de 7.010 desapariciones, seg\u00fan el RUVTE, 662 casos ocurrieron durante el gobierno de Mar\u00eda Estela \u201cIsabel\u201d Mart\u00ednez de Per\u00f3n y 6.348 desde el 24 de marzo de 1976 en adelante.<\/p>\n<p>El informe diferencia desapariciones de asesinatos sin desaparici\u00f3n, y en este \u00faltimo rubro indica que hubo 609 casos en el gobierno peronista y 952 durante la dictadura.<\/p>\n<h6>Fuente: Los Andes<\/h6>\n","protected":false},"excerpt":{"rendered":"<p>La cifra se desprende de un informe elaborado por un organismo que depende del Ministerio de Justicia. El presidente Macri dijo que \u201ces un debate en el que no voy a entrar. No tengo idea si fueron 9 o 30 mil\u00bb.<\/p>\n","protected":false},"author":2,"featured_media":55638,"comment_status":"closed","ping_status":"closed","sticky":false,"template":"","format":"standard","meta":{"footnotes":""},"categories":[8],"tags":[21],"class_list":["post-55637","post","type-post","status-publish","format-standard","has-post-thumbnail","hentry","category-informe-nacional","tag-argentina"],"_links":{"self":[{"href":"http:\/\/argentinamunicipal.com.ar\/argentina\/wp-json\/wp\/v2\/posts\/55637","targetHints":{"allow":["GET"]}}],"collection":[{"href":"http:\/\/argentinamunicipal.com.ar\/argentina\/wp-json\/wp\/v2\/posts"}],"about":[{"href":"http:\/\/argentinamunicipal.com.ar\/argentina\/wp-json\/wp\/v2\/types\/post"}],"author":[{"embeddable":true,"href":"http:\/\/argentinamunicipal.com.ar\/argentina\/wp-json\/wp\/v2\/users\/2"}],"replies":[{"embeddable":true,"href":"http:\/\/argentinamunicipal.com.ar\/argentina\/wp-json\/wp\/v2\/comments?post=55637"}],"version-history":[{"count":0,"href":"http:\/\/argentinamunicipal.com.ar\/argentina\/wp-json\/wp\/v2\/posts\/55637\/revisions"}],"wp:featuredmedia":[{"embeddable":true,"href":"http:\/\/argentinamunicipal.com.ar\/argentina\/wp-json\/wp\/v2\/media\/55638"}],"wp:attachment":[{"href":"http:\/\/argentinamunicipal.com.ar\/argentina\/wp-json\/wp\/v2\/media?parent=55637"}],"wp:term":[{"taxonomy":"category","embeddable":true,"href":"http:\/\/argentinamunicipal.com.ar\/argentina\/wp-json\/wp\/v2\/categories?post=55637"},{"taxonomy":"post_tag","embeddable":true,"href":"http:\/\/argentinamunicipal.com.ar\/argentina\/wp-json\/wp\/v2\/tags?post=55637"}],"curies":[{"name":"wp","href":"https:\/\/api.w.org\/{rel}","templated":true}]}}