{"id":55689,"date":"2016-11-09T07:42:06","date_gmt":"2016-11-09T10:42:06","guid":{"rendered":"http:\/\/argentinamunicipal.com.ar\/argentina\/?p=55689"},"modified":"2016-11-09T07:42:06","modified_gmt":"2016-11-09T10:42:06","slug":"unidos-en-defensa-propia","status":"publish","type":"post","link":"http:\/\/argentinamunicipal.com.ar\/argentina\/unidos-en-defensa-propia\/","title":{"rendered":"Unidos en defensa propia"},"content":{"rendered":"<p>La CGT y la Cgera acordaron presentar un listado de reclamos al Gobierno para hacer frente a la ca\u00edda de la actividad econ\u00f3mica, la p\u00e9rdida de empleo y el aluvi\u00f3n importador en sectores como textiles, calzados y marroquiner\u00eda. \u201cTenemos el mismo objetivo\u201d, definieron.<\/p>\n<p>Los empresarios pymes m\u00e1s afectados por la devaluaci\u00f3n, el aumento de tarifas, la apertura comercial y el incremento en las tasas de inter\u00e9s se reunieron ayer con la conducci\u00f3n de la CGT. El encuentro con la conducci\u00f3n de la Cgera estuvo encabezado por H\u00e9ctor Daher y Carlos Acu\u00f1a, dos de los tres miembros del triunvirato de la central obrera ya que Schmid no logr\u00f3 sumarse al convite. Empresarios y sindicalistas acordaron presentar un listado de reclamos conjuntos al Gobierno de Mauricio Macri para hacer frente a la ca\u00edda en el nivel de actividad, la p\u00e9rdida de empleo y el aluvi\u00f3n importador en sectores como los textiles, el calzado y la marroquiner\u00eda, entre otros.<\/p>\n<p>\u201cLas pymes y los trabajadores tenemos los mismos objetivos y por ello tenemos que empezar a caminar juntos. Hay que llevar adelante acciones conjuntas\u201d, consider\u00f3 ayer Acu\u00f1a al finalizar el encuentro. Por su parte, el presidente de Cgera, Marcelo Fern\u00e1ndez, remarc\u00f3 la situaci\u00f3n cr\u00edtica que atraviesa el sector. En ese sentido el empresario enumer\u00f3 \u201cla ca\u00edda en las ventas del 30 por ciento, el aumento en las importaciones entre un 15 y 25 por ciento, el alza de los costos de los insumos tras la devaluaci\u00f3n y el incremento de las tarifas de todos los servicios p\u00fablicos\u201d. Desde la perspectiva de Fern\u00e1ndez, \u201ces imposible que podamos mantener las fuentes de trabajo si el pr\u00f3ximo a\u00f1o continua con los mismo n\u00fameros\u201d.<\/p>\n<p>El encuentro, el primero en diez meses entre ambos sectores, permiti\u00f3 alcanzar un compromiso para \u201cdesarrollar distintas acciones conjuntas\u201d en las pr\u00f3ximas semanas. Junto con la participaci\u00f3n en el \u201cforo nacional productivo\u201d donde se elaborar\u00e1 el listado de exigencias a las autoridades econ\u00f3micas, los dirigentes empresarios acordaron acompa\u00f1ar una movilizaci\u00f3n que convocar\u00e1 la central sindical el pr\u00f3ximo martes y que tendr\u00e1 lugar el viernes 18 de noviembre. La reuni\u00f3n iba a celebrarse la semana pasada pero fue postergada hasta ayer por problemas de agenda. Hoy por la ma\u00f1ana los empresarios visitar\u00e1n al titular de una de las CTA, Hugo Yasky, con una agenda similar.<\/p>\n<p>\u201cNo queremos llegar a un escenario masivo de cierre. Los sectores m\u00e1s afectados somos los pymes y, por extensi\u00f3n, los trabajadores. Es importante que las centrales obreras se comprometan con los problemas que atraviesan nuestros sectores para no perder m\u00e1s empleos. Tenemos que defender la producci\u00f3n pyme\u201d, remarc\u00f3 ayer el empresario marroquinero y miembro de CGE, Ariel Aguilar. En este sentido, Daer remarc\u00f3 la \u201cgran preocupaci\u00f3n de la central gremial por la situaci\u00f3n de las pymes\u201d y advirti\u00f3 que \u201clo que se est\u00e1 discutiendo en este momento es qu\u00e9 modelo tendremos: un pa\u00eds como el nuestro no puede vivir solo del sector agropecuario y del financiero\u201d.<\/p>\n<p>Los representantes del sector pyme cuestionan la decisi\u00f3n de la Casa Rosada que los excluy\u00f3 de la mesa Di\u00e1logo para la Producci\u00f3n y el Trabajo. En ese encuentro encabezado por funcionarios del gobierno de Macri, c\u00e1maras empresarias y la CGT se habilit\u00f3, por ejemplo, el pago del bono extraordinario de fin de a\u00f1o que, seg\u00fan aseguran desde Cgera, las pymes no est\u00e1n en condiciones de enfrentar.<\/p>\n<p>\u201cHay que comenzar a trabajar en una agenda com\u00fan para pensar soluciones y cuidar los puestos de trabajo, tenemos propuestas para discutir, como la elevada carga impositiva, las ART, la informalidad y los alt\u00edsimos costos financieros, entre otros\u201d, indic\u00f3 el secretario General de CGERA, Ra\u00fal Zilbersztein, que tambi\u00e9n particip\u00f3 del encuentro con Alberto Sellaro (Calzado), Pedro Bergaglio (Sweater), Marcelo Girard (tintas gr\u00e1ficas), Andr\u00e9s Capriati (Herrajes) y representantes de c\u00e1maras metalurgicas y farmac\u00e9uticas, entre otros. Por parte de los trabajadores tambi\u00e9n estuvieron Hugo Ben\u00edtez de textiles; Rodolfo Daer, secretario de Industria de la entidad; Romildo Ranu, de vestimenta; y Walter Correa del cuero.<\/p>\n<h6>Fuente: P\u00e1gina 12<\/h6>\n","protected":false},"excerpt":{"rendered":"<p>La CGT y la Cgera acordaron presentar un listado de reclamos al Gobierno para hacer frente a la ca\u00edda de la actividad econ\u00f3mica, la p\u00e9rdida de empleo y el aluvi\u00f3n importador en sectores como textiles, calzados y marroquiner\u00eda. <\/p>\n","protected":false},"author":2,"featured_media":55690,"comment_status":"closed","ping_status":"closed","sticky":false,"template":"","format":"standard","meta":{"footnotes":""},"categories":[8],"tags":[21],"class_list":["post-55689","post","type-post","status-publish","format-standard","has-post-thumbnail","hentry","category-informe-nacional","tag-argentina"],"_links":{"self":[{"href":"http:\/\/argentinamunicipal.com.ar\/argentina\/wp-json\/wp\/v2\/posts\/55689","targetHints":{"allow":["GET"]}}],"collection":[{"href":"http:\/\/argentinamunicipal.com.ar\/argentina\/wp-json\/wp\/v2\/posts"}],"about":[{"href":"http:\/\/argentinamunicipal.com.ar\/argentina\/wp-json\/wp\/v2\/types\/post"}],"author":[{"embeddable":true,"href":"http:\/\/argentinamunicipal.com.ar\/argentina\/wp-json\/wp\/v2\/users\/2"}],"replies":[{"embeddable":true,"href":"http:\/\/argentinamunicipal.com.ar\/argentina\/wp-json\/wp\/v2\/comments?post=55689"}],"version-history":[{"count":0,"href":"http:\/\/argentinamunicipal.com.ar\/argentina\/wp-json\/wp\/v2\/posts\/55689\/revisions"}],"wp:featuredmedia":[{"embeddable":true,"href":"http:\/\/argentinamunicipal.com.ar\/argentina\/wp-json\/wp\/v2\/media\/55690"}],"wp:attachment":[{"href":"http:\/\/argentinamunicipal.com.ar\/argentina\/wp-json\/wp\/v2\/media?parent=55689"}],"wp:term":[{"taxonomy":"category","embeddable":true,"href":"http:\/\/argentinamunicipal.com.ar\/argentina\/wp-json\/wp\/v2\/categories?post=55689"},{"taxonomy":"post_tag","embeddable":true,"href":"http:\/\/argentinamunicipal.com.ar\/argentina\/wp-json\/wp\/v2\/tags?post=55689"}],"curies":[{"name":"wp","href":"https:\/\/api.w.org\/{rel}","templated":true}]}}