{"id":55692,"date":"2016-11-09T07:44:55","date_gmt":"2016-11-09T10:44:55","guid":{"rendered":"http:\/\/argentinamunicipal.com.ar\/argentina\/?p=55692"},"modified":"2016-11-09T07:44:55","modified_gmt":"2016-11-09T10:44:55","slug":"carlotto-repudio-informe-oficial-afirma-hubo-6-346-desaparecidos","status":"publish","type":"post","link":"http:\/\/argentinamunicipal.com.ar\/argentina\/carlotto-repudio-informe-oficial-afirma-hubo-6-346-desaparecidos\/","title":{"rendered":"Carlotto repudi\u00f3 el informe oficial que afirma que hubo 6.346 desaparecidos"},"content":{"rendered":"<p>\u00abEs una provocaci\u00f3n\u00bb, dijo la titular de Abuelas. El gobierno aclar\u00f3 que esa estimaci\u00f3n surgi\u00f3 de un relevamiento que hizo la administraci\u00f3n anterior.<\/p>\n<p>La presidenta de Abuelas de Plaza de Mayo, Estela de Carlotto, calific\u00f3 ayer como \u00abuna provocaci\u00f3n y una persecuci\u00f3n muy desagradable\u00bb el informe oficial que difundi\u00f3 el gobierno que afirma que fueron 6.348 los desaparecidos durante la \u00faltima dictadura y reclam\u00f3 que \u00aben lugar de preguntarse cu\u00e1ntos son\u00bb colaboren para \u00abencontrarlos\u00bb.<\/p>\n<p>\u00abFue una muy mala noticia, muy desagradable. En vez de investigar cu\u00e1ntos son, que nos ayuden a encontrarlos, no a sacar una estad\u00edstica, tanto por los que est\u00e1n enterrados, diseminados por el pa\u00eds, como por los nietos\u00bb, se\u00f1al\u00f3 Carlotto respecto al informe que difundi\u00f3 el lunes pasado la Secretar\u00eda de Derechos Humanos, que est\u00e1 a cargo de Claudio Avruj.<\/p>\n<p>Carlotto explic\u00f3 que el emblem\u00e1tico n\u00famero de 30 mil desaparecidos \u00abes una cifra estimativa, que se hace en base a lo que se ha recogido en cada lugar\u00bb y record\u00f3 que todav\u00eda se est\u00e1n \u00abenterando de ni\u00f1os que no han sido buscados\u00bb.<\/p>\n<p>La referente de derechos humanos se\u00f1al\u00f3 que las estad\u00edsticas las hacen en base a su propia informaci\u00f3n porque \u00abjam\u00e1s los depredadores, los asesinos, declararon sobre el tema\u00bb.<\/p>\n<p>\u00abEsto es una provocaci\u00f3n, una persecuci\u00f3n, es muy desagradable darle respuesta a un grupo desconocido de abogados que le piden informaci\u00f3n sin una justa demanda\u00bb, cuestion\u00f3 Carlotto, tras el pedido de informaci\u00f3n p\u00fablica que hizo la Asociaci\u00f3n Civil Ciudadanos Libres por la Calidad Institucional.<\/p>\n<p>La dirigente dijo que van \u00aba pedir referencias sobre esos abogados que dan las cifras, (para saber) qui\u00e9nes son\u00bb, a la vez que afirm\u00f3 que \u00abhay toda una campa\u00f1a para disminuir\u00bb la tarea de Abuelas de Plaza de Mayo y hacerlas \u00abquedar como mentirosas\u00bb.<\/p>\n<p>\u00abNosotros ya le tuvimos que responder a (el ex ministro de Cultura porte\u00f1o, Dar\u00edo) Lop\u00e9rfido, sigui\u00f3 con el propio presidente (Mauricio Macri) y ahora con la Secretar\u00eda de Derechos Humanos de la Naci\u00f3n\u00bb, puntualiz\u00f3 en alusi\u00f3n a la pol\u00e9mica por el n\u00famero de desaparecidos durante la \u00faltima dictadura.<\/p>\n<p>En este sentido, enfatiz\u00f3 que no sabe \u00abde d\u00f3nde han salido esas cifras\u00bb que revel\u00f3 el informe, en el que se asegura que entre octubre de 1973 y diciembre de 1983 hubo 8.571 v\u00edctimas del terrorismo de Estado (entre desaparecidos y asesinados), y a\u00f1adi\u00f3 que \u00abnunca se dio una cifra as\u00ed\u00bb.<\/p>\n<p>Puntualmente, el Registro Unificado de V\u00edctimas del Terrorismo de Estado (Ruvte), que depende del Ministerio de Justicia, precis\u00f3 que durante la \u00faltima dictadura hubo al menos 6.348 v\u00edctimas de desaparici\u00f3n forzada (sin contar los m\u00e1s de 900 registrados como v\u00edctimas de asesinato).<\/p>\n<p>Reacci\u00f3n oficial. Las cr\u00edticas de la presidente de Abuelas de Plaza de Mayo motiv\u00f3 la reacci\u00f3n de Claudio Avruj. El secretario de Derechos Humanos de la Naci\u00f3n se comunic\u00f3 personalmente con la dirigente para explicarle que el informe con el n\u00famero de desaparecidos surge de un relevamiento realizado por el pasado gobierno de Cristina Kirchner.<\/p>\n<p>\u00abLa cifra del Ruvte no fue obra de esta administraci\u00f3n, fue creada en 2013 y ratificada por Mart\u00edn Fresneda (ex secretario de Derechos Humanos). Los datos que damos est\u00e1n en la web y fueron subidos por la gesti\u00f3n anterior\u00bb, remarc\u00f3 el funcionario.<\/p>\n<p>Incluso, Avruj plante\u00f3 dudas sobre \u00absi la decisi\u00f3n de no revelarlo antes tuvo que ver con el doble est\u00e1ndar\u00bb por parte del gobierno de Cristina Kirchner, \u00absi hubo una decisi\u00f3n pol\u00edtica de no dar acceso (a los datos) en beneficio de otro inter\u00e9s pol\u00edtico\u00bb.<\/p>\n<p>\u00abLo nuestro no es una pol\u00edtica artera ni tenemos el objetivo de hacer da\u00f1o. Simplemente respondimos al acceso a la informaci\u00f3n p\u00fablica. Me reconoci\u00f3 que no es cierto que obstaculizamos la b\u00fasqueda, pero me pidi\u00f3 que expliquemos m\u00e1s claramente el tema\u00bb, se\u00f1al\u00f3.<\/p>\n<p><strong>La chicana del hijo de Bussi<\/strong><\/p>\n<p>Ricardo Bussi, concejal tucumano por Fuerza Republicana e hijo del represor Antonio Domingo Bussi, afirm\u00f3 ayer que Estela de Carlotto deber\u00eda estar \u00abfeliz\u00bb porque seg\u00fan las cifras oficiales la cantidad de desaparecidos durante la dictadura ser\u00eda sumamente inferior a 30 mil personas. \u00abN\u00famero de desaparecidos: 6.348. Muy lejos de los 30.000. Y sin embargo Estela de Carlotto se enoja, en lugar de estar feliz. No entiendo\u00bb, dijo Ricardo Bussi.<\/p>\n<h6>Fuente: La capital Rosario<\/h6>\n","protected":false},"excerpt":{"rendered":"<p>\u00abEs una provocaci\u00f3n\u00bb, dijo la titular de Abuelas. El gobierno aclar\u00f3 que esa estimaci\u00f3n surgi\u00f3 de un relevamiento que hizo la administraci\u00f3n anterior.<\/p>\n","protected":false},"author":2,"featured_media":55693,"comment_status":"closed","ping_status":"closed","sticky":false,"template":"","format":"standard","meta":{"footnotes":""},"categories":[8],"tags":[21],"class_list":["post-55692","post","type-post","status-publish","format-standard","has-post-thumbnail","hentry","category-informe-nacional","tag-argentina"],"_links":{"self":[{"href":"http:\/\/argentinamunicipal.com.ar\/argentina\/wp-json\/wp\/v2\/posts\/55692","targetHints":{"allow":["GET"]}}],"collection":[{"href":"http:\/\/argentinamunicipal.com.ar\/argentina\/wp-json\/wp\/v2\/posts"}],"about":[{"href":"http:\/\/argentinamunicipal.com.ar\/argentina\/wp-json\/wp\/v2\/types\/post"}],"author":[{"embeddable":true,"href":"http:\/\/argentinamunicipal.com.ar\/argentina\/wp-json\/wp\/v2\/users\/2"}],"replies":[{"embeddable":true,"href":"http:\/\/argentinamunicipal.com.ar\/argentina\/wp-json\/wp\/v2\/comments?post=55692"}],"version-history":[{"count":0,"href":"http:\/\/argentinamunicipal.com.ar\/argentina\/wp-json\/wp\/v2\/posts\/55692\/revisions"}],"wp:featuredmedia":[{"embeddable":true,"href":"http:\/\/argentinamunicipal.com.ar\/argentina\/wp-json\/wp\/v2\/media\/55693"}],"wp:attachment":[{"href":"http:\/\/argentinamunicipal.com.ar\/argentina\/wp-json\/wp\/v2\/media?parent=55692"}],"wp:term":[{"taxonomy":"category","embeddable":true,"href":"http:\/\/argentinamunicipal.com.ar\/argentina\/wp-json\/wp\/v2\/categories?post=55692"},{"taxonomy":"post_tag","embeddable":true,"href":"http:\/\/argentinamunicipal.com.ar\/argentina\/wp-json\/wp\/v2\/tags?post=55692"}],"curies":[{"name":"wp","href":"https:\/\/api.w.org\/{rel}","templated":true}]}}