{"id":55761,"date":"2016-11-10T06:56:19","date_gmt":"2016-11-10T09:56:19","guid":{"rendered":"http:\/\/argentinamunicipal.com.ar\/argentina\/?p=55761"},"modified":"2016-11-10T06:56:19","modified_gmt":"2016-11-10T09:56:19","slug":"firmat-una-estacion-solar-publica-provee-agua-caliente-recarga-celulares","status":"publish","type":"post","link":"http:\/\/argentinamunicipal.com.ar\/argentina\/firmat-una-estacion-solar-publica-provee-agua-caliente-recarga-celulares\/","title":{"rendered":"Firmat: Una estaci\u00f3n solar p\u00fablica provee agua caliente y recarga celulares"},"content":{"rendered":"<p>El municipio de Firmat la instal\u00f3 en el Parque 12 de Octubre. Se inaugur\u00f3 con una gran mateada para quienes disfrutaban una jornada al aire libre<\/p>\n<p>Una iniciativa para ahorrar energ\u00eda y cuidar el medio ambiente fue puesta en marcha en un espacio p\u00fablico de Firmat, lo que no solo posibilita estar al alcance de toda la comunidad por su ubicaci\u00f3n estrat\u00e9gica sino visibilizar las ventajas de la utilizaci\u00f3n de energ\u00edas alternativas.<\/p>\n<p>Se trata de una estaci\u00f3n solar situada en el Parque 12 de Octubre que fue habilitada por el municipio en el marco de una jornada donde un nutrido grupo de vecinos comparti\u00f3 y disfrut\u00f3 de una \u00abgran mateada\u00bb gracias al agua caliente provista por el flamante equipo que cuenta con un tanque con capacidad para 190 litros y regula la temperatura a 80 grados.<\/p>\n<p>El aparato adem\u00e1s cuenta con un dispositivo energ\u00e9tico para la recarga de celulares y computadoras, lo que resulta un servicio clave para satisfacer la demanda especialmente de j\u00f3venes que suelen frecuentar el predio especialmente los fines de semana. \u00abEsta muy buena esta idea porque adem\u00e1s de los beneficios que implica para el ambiente y en materia de econom\u00eda es de mucha utilidad\u00bb, coincidieron en se\u00f1alar firmatenses que ya vivieron la experiencia.<\/p>\n<p>El proyecto se concret\u00f3 en forma articulada entre el gobierno local y la provincia al tiempo que involucr\u00f3 a estudiantes de la Escuela T\u00e9cnica N\u00ba281 \u00abGeneral Manuel Savio\u00bb que con asesoramiento docente realizaron la estructura met\u00e1lica del moderno equipamiento.<\/p>\n<p>\u00abLa Estaci\u00f3n Solar propone una relaci\u00f3n directa de la poblaci\u00f3n con las energ\u00edas renovables, al ofrecerle soluciones inmediatas a partir de la energ\u00eda del sol\u00bb, resaltaron desde el municipio.<\/p>\n<p>La estaci\u00f3n funciona por medio de colectores solares que permiten calentar el agua y paneles fotovoltaicos destinados a suministrar servicios el\u00e9ctricos para la recarga de telefon\u00eda y computadoras m\u00f3viles.<\/p>\n<p>El emprendimiento llevado adelante con un subsidio provincial y aportes del Estado municipal responde al esp\u00edritu de la ordenanza local N\u00ba1.575 que declara y regula \u00abla incorporaci\u00f3n en forma progresiva de sistemas de captaci\u00f3n de energ\u00eda solar de baja temperatura, para la producci\u00f3n de agua caliente sanitaria en todos los edificios e instalaciones p\u00fablicas situadas en la ciudad\u00bb.<\/p>\n<p>De acuerdo a lo fijado en la ley provincial 12.503, las energ\u00edas renovables son \u00abaquellas que se producen naturalmente, en forma inagotable y sin ocasionar perjuicio al equilibrio ambiental\u00bb. Se trata de las \u00abenerg\u00edas obtenidas de fuentes que se regeneran a una tasa mayor que la de su consumo\u00bb. La denominada energ\u00eda solar se divide en t\u00e9rmica, que se produce aprovechando la energ\u00eda cal\u00f3rica del sol para calentamiento de fluidos en forma directa o indirecta, y fotovoltaica, que permite transformar por medio de tecnolog\u00eda apropiada la energ\u00eda lum\u00ednica natural en el\u00e9ctrica. A ella se suman otras variantes de producci\u00f3n de energ\u00eda alternativa como, por ejemplo, e\u00f3lica, biomasa, hidr\u00e1ulica, geot\u00e9rmica, mareomotriz, biog\u00e1s y biocombustibles.<\/p>\n<p>Pionera. En esta ciudad del departamento General L\u00f3pez el tema despierta inter\u00e9s desde hace tiempo e incluso en la Escuela 281 funciona una tecnicatura de energ\u00edas renovables implementada por la provincia a partir de gestiones encaradas por el municipio ante el Ministerio de Educaci\u00f3n y la Secretar\u00eda de Energ\u00eda.<\/p>\n<p>En ese establecimiento hay instalado un generador de energ\u00eda e\u00f3lica que contribuye a alimentar la red el\u00e9ctrica de la EPE cuando crece la demanda de consumo en la ciudad adem\u00e1s de poseer paneles solares similares a los que iluminan la pista de skate establecida en la zona ferroviaria.<\/p>\n<h6>Fuente: La Capital Rosario<\/h6>\n","protected":false},"excerpt":{"rendered":"<p>El municipio de Firmat la instal\u00f3 en el Parque 12 de Octubre. Se inaugur\u00f3 con una gran mateada para quienes disfrutaban una jornada al aire libre<\/p>\n","protected":false},"author":2,"featured_media":55762,"comment_status":"closed","ping_status":"closed","sticky":false,"template":"","format":"standard","meta":{"footnotes":""},"categories":[2],"tags":[10],"class_list":["post-55761","post","type-post","status-publish","format-standard","has-post-thumbnail","hentry","category-informe-municipal","tag-santa-fe"],"_links":{"self":[{"href":"http:\/\/argentinamunicipal.com.ar\/argentina\/wp-json\/wp\/v2\/posts\/55761","targetHints":{"allow":["GET"]}}],"collection":[{"href":"http:\/\/argentinamunicipal.com.ar\/argentina\/wp-json\/wp\/v2\/posts"}],"about":[{"href":"http:\/\/argentinamunicipal.com.ar\/argentina\/wp-json\/wp\/v2\/types\/post"}],"author":[{"embeddable":true,"href":"http:\/\/argentinamunicipal.com.ar\/argentina\/wp-json\/wp\/v2\/users\/2"}],"replies":[{"embeddable":true,"href":"http:\/\/argentinamunicipal.com.ar\/argentina\/wp-json\/wp\/v2\/comments?post=55761"}],"version-history":[{"count":0,"href":"http:\/\/argentinamunicipal.com.ar\/argentina\/wp-json\/wp\/v2\/posts\/55761\/revisions"}],"wp:featuredmedia":[{"embeddable":true,"href":"http:\/\/argentinamunicipal.com.ar\/argentina\/wp-json\/wp\/v2\/media\/55762"}],"wp:attachment":[{"href":"http:\/\/argentinamunicipal.com.ar\/argentina\/wp-json\/wp\/v2\/media?parent=55761"}],"wp:term":[{"taxonomy":"category","embeddable":true,"href":"http:\/\/argentinamunicipal.com.ar\/argentina\/wp-json\/wp\/v2\/categories?post=55761"},{"taxonomy":"post_tag","embeddable":true,"href":"http:\/\/argentinamunicipal.com.ar\/argentina\/wp-json\/wp\/v2\/tags?post=55761"}],"curies":[{"name":"wp","href":"https:\/\/api.w.org\/{rel}","templated":true}]}}