{"id":55767,"date":"2016-11-10T07:05:51","date_gmt":"2016-11-10T10:05:51","guid":{"rendered":"http:\/\/argentinamunicipal.com.ar\/argentina\/?p=55767"},"modified":"2016-11-10T07:05:51","modified_gmt":"2016-11-10T10:05:51","slug":"mas-vulnerables-apertura-endeudamiento","status":"publish","type":"post","link":"http:\/\/argentinamunicipal.com.ar\/argentina\/mas-vulnerables-apertura-endeudamiento\/","title":{"rendered":"M\u00e1s vulnerables con apertura y endeudamiento"},"content":{"rendered":"<p>Si lograra imponer los elementos que componen su agenda econ\u00f3mica, el mandatario electo de Estados Unidos aplicar\u00eda pol\u00edticas proteccionistas y de recuperaci\u00f3n de capitales financieros, que afectar\u00edan en particular a pa\u00edses como Argentina.<\/p>\n<p>Detr\u00e1s de la reacci\u00f3n de los mercados financieros, el desembarco de Donald Trump en la Casa Blanca anticipa transformaciones estructurales en la econom\u00eda que impactar\u00e1n sobre el frente financiero y comercial de la Argentina. Antes del comienzo del mandato, las disputas internas del partido Republicano as\u00ed como el funcionamiento de las instituciones monetarias limitan las posibilidades del nuevo mandatario de Estados Unidos para imponer elementos de su agenda econ\u00f3mica, como un fortalecimiento de las medidas proteccionistas, relocalizaci\u00f3n de empresas y el aumento en las tasas de inter\u00e9s. La primera de esas propuestas resentir\u00eda aun m\u00e1s los flujos comerciales mientras que las transformaciones financieras, como m\u00ednimo, endurecer\u00edan las condiciones de financiamiento para los pa\u00edses de la regi\u00f3n. Los especialistas consultados por P\u00e1gina\/12 advierten que incluso cuando el programa de Trump se vea limitado, existe un factor insoslayable para el pa\u00eds: la creciente vulnerabilidad asociada a un modelo de crecimiento basado en el endeudamiento externo y la apertura comercial.<\/p>\n<p>\u201cEn un escenario de ca\u00edda del comercio internacional y volatilidad financiera, donde el presidente electo de la principal potencia mundial habla de cerrar su econom\u00eda, la decisi\u00f3n del gobierno de Mauricio Macri de liberalizar el comercio exterior y los flujos de capitales es cada vez m\u00e1s preocupante. En lugar de retirar al Estado de la econom\u00eda, \u00e9ste deber\u00eda ocupar un rol central impulsando la industria y el mercado interno para buscar un crecimiento sustentable\u201d, indic\u00f3 el ex secretario de Comercio Augusto Costa. En ese sentido, el economista del Instituto de Trabajo y Econom\u00eda (ITE) de la Fundaci\u00f3n Germ\u00e1n Abdala Ariel Lieutier consider\u00f3 que \u201ccuando las grandes econom\u00edas mundiales se cierran sobre s\u00ed mismas y el escenario mundial se vuelve cada vez m\u00e1s inestable, Argentina resolvi\u00f3 un modelo de apertura y desregulaci\u00f3n que te expone m\u00e1s a los renovados vaivenes que generan situaciones como el Brexit o el triunfo de Trump\u201d.<\/p>\n<p>A pesar de las genuinas preocupaciones y dificultades que generar\u00eda la implementaci\u00f3n de la agenda comercial expuesta en campa\u00f1a por el flamante mandatario norteamericano, Costa remarc\u00f3 que \u201cArgentina conoce muy bien el impacto de las pol\u00edticas proteccionistas de Estados Unidos, ya que mantienen herramientas de apoyo y sost\u00e9n al sector agr\u00edcola as\u00ed como las restricciones al comercio de productos sensibles que afectaron las exportaciones de limones o carne durante m\u00e1s de una d\u00e9cada\u201d. Para el ex funcionario, el cambio de gobierno en Estados Unidos presenta inconvenientes para la agenda de las autoridades argentinas: \u201cSi Trump mantiene su postura de proteger a los sectores sensibles estadounidenses ser\u00e1 un problema para el proceso de apertura comercial de Macri\u201d. Desde su perspectiva, la apuesta a del Ministerio de Producci\u00f3n a celebrar un acuerdo de libre comercio con Estados Unidos salteando al Mercosur va a exigir mayores concesiones, donde \u201cno s\u00f3lo no habr\u00e1 posibilidad de colocar productos industriales, como sucede hoy, sino que el creciente proteccionismo diluye cualquier aspiraci\u00f3n para vender manufacturas de origen agropecuario o productos primarios\u201d.<\/p>\n<p>\u201cHay que considerar las limitaciones que pueden imponer los organismos internacionales para las propuestas econ\u00f3micas de Trump, pero no nos podemos olvidar que George Bush empez\u00f3 la guerra en Irak con oposici\u00f3n de todos del Congreso, la ONU y la OTAN\u201d, remarc\u00f3 la historiadora de la UBA e investigadora del Indeal Valeria L. Carbone, al referirse al margen de maniobra del mandatario. La implementaci\u00f3n del \u201cprograma pol\u00edtico y econ\u00f3mico aislacionista\u201d de Trump depender\u00e1 de su capacidad de negociaci\u00f3n con el Congreso y, fundamentalmente, con la c\u00fapula del partido Republicano, con el que el nuevo Presidente est\u00e1 enemistado. \u201cEstados Unidos va a continuar alej\u00e1ndose de los grandes acuerdos internacionales y mantendr\u00e1 su pol\u00edtica de reforzar las alianzas bilaterales, que en esta regi\u00f3n le permitieron fragmentar a los pa\u00edses, una pol\u00edtica comercial que en ese sentido es similar a la desplegada durante el gobierno de Obama\u201d.<\/p>\n<p>En t\u00e9rminos financieros, Trump cuestion\u00f3 las bajas tasas de inter\u00e9s mantenidas por la FED, el banco central estadounidense, y reclam\u00f3 que sus autoridades incrementen los niveles. A pesar de las preocupaciones que despiertan esos cambios, Lieutier del ITE advirti\u00f3 ayer que \u201cm\u00e1s all\u00e1 de qui\u00e9n fuera el ganador, la Reserva Federal iba a resolver los niveles de tasas de acuerdo a los par\u00e1metros de desempleo, inflaci\u00f3n y crecimiento. Las autoridades ya anticiparon una suba hace meses y vienen posterg\u00e1ndola ya que la econom\u00eda no se reactiva\u201d. De todas formas, el economista del instituto que depende de ATE y UTE se\u00f1al\u00f3 a este diario que \u201cuna suba de tasas ser\u00eda compleja porque encarece el financiamiento internacional cuando el endeudamiento externo es la base del modelo econ\u00f3mico del gobierno argentino. Una suba no s\u00f3lo hace m\u00e1s caro el cr\u00e9dito sino que impacta sobre la disponibilidad de fondos\u201d.<\/p>\n<h6>Fuente: P\u00e1gina 12<\/h6>\n","protected":false},"excerpt":{"rendered":"<p>Si lograra imponer los elementos que componen su agenda econ\u00f3mica, el mandatario electo de Estados Unidos aplicar\u00eda pol\u00edticas proteccionistas y de recuperaci\u00f3n de capitales financieros, que afectar\u00edan en particular a pa\u00edses como Argentina.<\/p>\n","protected":false},"author":2,"featured_media":55768,"comment_status":"closed","ping_status":"closed","sticky":false,"template":"","format":"standard","meta":{"footnotes":""},"categories":[8],"tags":[21],"class_list":["post-55767","post","type-post","status-publish","format-standard","has-post-thumbnail","hentry","category-informe-nacional","tag-argentina"],"_links":{"self":[{"href":"http:\/\/argentinamunicipal.com.ar\/argentina\/wp-json\/wp\/v2\/posts\/55767","targetHints":{"allow":["GET"]}}],"collection":[{"href":"http:\/\/argentinamunicipal.com.ar\/argentina\/wp-json\/wp\/v2\/posts"}],"about":[{"href":"http:\/\/argentinamunicipal.com.ar\/argentina\/wp-json\/wp\/v2\/types\/post"}],"author":[{"embeddable":true,"href":"http:\/\/argentinamunicipal.com.ar\/argentina\/wp-json\/wp\/v2\/users\/2"}],"replies":[{"embeddable":true,"href":"http:\/\/argentinamunicipal.com.ar\/argentina\/wp-json\/wp\/v2\/comments?post=55767"}],"version-history":[{"count":0,"href":"http:\/\/argentinamunicipal.com.ar\/argentina\/wp-json\/wp\/v2\/posts\/55767\/revisions"}],"wp:featuredmedia":[{"embeddable":true,"href":"http:\/\/argentinamunicipal.com.ar\/argentina\/wp-json\/wp\/v2\/media\/55768"}],"wp:attachment":[{"href":"http:\/\/argentinamunicipal.com.ar\/argentina\/wp-json\/wp\/v2\/media?parent=55767"}],"wp:term":[{"taxonomy":"category","embeddable":true,"href":"http:\/\/argentinamunicipal.com.ar\/argentina\/wp-json\/wp\/v2\/categories?post=55767"},{"taxonomy":"post_tag","embeddable":true,"href":"http:\/\/argentinamunicipal.com.ar\/argentina\/wp-json\/wp\/v2\/tags?post=55767"}],"curies":[{"name":"wp","href":"https:\/\/api.w.org\/{rel}","templated":true}]}}