{"id":55773,"date":"2016-11-10T06:30:34","date_gmt":"2016-11-10T09:30:34","guid":{"rendered":"http:\/\/argentinamunicipal.com.ar\/argentina\/?p=55773"},"modified":"2016-11-10T07:12:06","modified_gmt":"2016-11-10T10:12:06","slug":"no-fuego-derrumbes-valgan","status":"publish","type":"post","link":"http:\/\/argentinamunicipal.com.ar\/argentina\/no-fuego-derrumbes-valgan\/","title":{"rendered":"No hay fuego ni derrumbes que valgan"},"content":{"rendered":"<p>La entidad porte\u00f1a acept\u00f3 en la licitaci\u00f3n a la empresa que sufri\u00f3 un incendio intencional en 2014, a pesar de que deber\u00eda estar inhabilitada por haber sido clausurada el a\u00f1o pasado. El abogado de los familiares de las v\u00edctimas del siniestro consider\u00f3 \u201cincre\u00edble\u201d esa contrataci\u00f3n.<\/p>\n<p>El Banco Ciudad le confiar\u00e1 la guarda y custodia de su documentaci\u00f3n a la empresa Iron Mountain pese a que \u00e9sta fue clausurada durante 2016 y deber\u00eda estar inhabilitada para presentarse a licitaciones seg\u00fan lo determina la ley 265 de Seguridad e Higiene porte\u00f1a. La multinacional estadounidense es la misma que sufri\u00f3 el incendio intencional del 5 de febrero de 2014, cuando murieron diez servidores p\u00fablicos, entre bomberos y personal de Defensa Civil, por el derrumbe de una pared lindera de su dep\u00f3sito ubicado en Barracas. La gravedad de aquel hecho y el incumplimiento de una norma no impidieron que el banco p\u00fablico de la ciudad le preadjudicara a IM un contrato por tres a\u00f1os con opci\u00f3n a uno m\u00e1s. La decisi\u00f3n que se public\u00f3 en el Bolet\u00edn Oficial el 20 de octubre pasado fue muy criticada y tambi\u00e9n podr\u00eda ser judicializada. El abogado de los familiares de las v\u00edctimas en la causa del siniestro, Miguel Arce Aggeo, la tild\u00f3 de \u201cincre\u00edble y apresurada\u201d y record\u00f3 que \u201cautoridades de la empresa est\u00e1n querelladas por el delito de estrago seguido de varias muertes\u201d.<\/p>\n<p>La ley 265 le otorga a la Direcci\u00f3n General de Protecci\u00f3n del Trabajo las funciones de fiscalizaci\u00f3n, control y sanci\u00f3n por incumplimientos de las normas relativas a la salud, higiene y seguridad dentro de la ciudad de Buenos Aires. En ese organismo se desempe\u00f1a como inspector el ingeniero Edgardo Castro, quien desde que se produjo el incendio en IM realiz\u00f3 varias denuncias por graves irregularidades contra el gobierno porte\u00f1o y la empresa. Hoy sostiene que \u201ccuando hubo una clausura se infringe la ley 265 si el Estado contrata a la compa\u00f1\u00eda sancionada durante el a\u00f1o siguiente\u201d. El profesional record\u00f3 que en el art\u00edculo 19, inciso E de la norma \u201cel empleador quedar\u00e1 inhabilitado por un a\u00f1o para acceder a licitaciones p\u00fablicas y suspendido en el registro de proveedores o aseguradores del estado\u201d si cometi\u00f3 infracciones graves o muy graves.<\/p>\n<p>En marzo de este a\u00f1o, un dep\u00f3sito que IM operaba en Villa Lugano fue clausurado porque no ten\u00eda plano de habilitaci\u00f3n y ventilaci\u00f3n y por no contar con rociadores contra incendios ni planos que coincidan con la superficie habilitada. A ra\u00edz de una denuncia formulada por los directores de la escuela media N\u00b0 2 y el jard\u00edn maternal 5 vecinos al establecimiento, tom\u00f3 intervenci\u00f3n la Asesor\u00eda Tutelar de Menores 1 ante la C\u00e1mara de Apelaciones en lo Contencioso Administrativo y Tributario de la ciudad. Se constat\u00f3 as\u00ed que el local ubicado en Saraza y Ca\u00f1ada de G\u00f3mez funcionaba sin tener el certificado de inspecci\u00f3n final de la Superintendencia de Bomberos. Adem\u00e1s, el gobierno le hab\u00eda comprobado, al menos, tres irregularidades m\u00e1s durante 2015.<\/p>\n<p>El 17 de marzo del a\u00f1o pasado, otro dep\u00f3sito de IM ubicado en la avenida Amancio Alcorta 2396 hab\u00eda sido clausurado por la Direcci\u00f3n General de Fiscalizaci\u00f3n y Control de la Agencia Gubernamental de Control (AGC), por entonces a cargo de Juan Jos\u00e9 G\u00f3mez Centuri\u00f3n, el militar que ahora est\u00e1 al frente de la Aduana.<\/p>\n<p>En aquel momento, el portal Infonews informaba que \u201cla administraci\u00f3n de Mauricio Macri no public\u00f3 la disposici\u00f3n de clausura (la n\u00famero 655 seg\u00fan se lee en las mencionadas fajas) en el Bolet\u00edn Oficial y tampoco dio cuenta del episodio en la p\u00e1gina web del gobierno porte\u00f1o. Es que de haberlo hecho, tambi\u00e9n deber\u00eda haber dado de baja los contratos que tiene con Iron Mountain\u2026\u201d Una situaci\u00f3n parecida se est\u00e1 dando ahora. La clausura de marzo pasado deber\u00eda impedir la preadjudicaci\u00f3n a IM de la guarda y custodia de la documentaci\u00f3n del Banco Ciudad.<\/p>\n<p>La clausura \u2013record\u00f3 Castro\u2013 \u201cno deber\u00eda ser ignorada por el banco que le permiti\u00f3 a Iron Mountain presentarse a una licitaci\u00f3n. Es muy grave que se le otorgue el cuidado de documentaci\u00f3n oficial a una empresa con sus antecedentes\u201d. Arce Aggeo coincidi\u00f3 con el inspector: \u201cCon el sumario abierto a la compa\u00f1\u00eda por la muerte de diez bomberos y personal de Defensa Civil en la tragedia de Barracas, creo que la decisi\u00f3n es apresurada y no corresponde. Y agregar\u00eda que este tema deber\u00eda revisarlo la Legislatura. M\u00ednimamente se tendr\u00eda que haber dado una justificaci\u00f3n de por qu\u00e9 contrataron a una empresa y no a otra. La verdad es incre\u00edble\u201d, repiti\u00f3.<\/p>\n<p>Del Bolet\u00edn Oficial de la ciudad publicado el 20 de octubre, se desprende que IM gan\u00f3 la licitaci\u00f3n por \u201cser la menor oferta recibida y ajustarse en un todo a lo solicitado por el banco en el pliego de bases y condiciones particulares\u201d. La resoluci\u00f3n est\u00e1 avalada por Marina A. Kon, jefa del Equipo de Servicios Peri\u00f3dicos y Grandes Contratos. La multinacional se adjudic\u00f3 \u201cel servicio de guarda, custodia y administraci\u00f3n de medios magn\u00e9ticos\u201d por un per\u00edodo de 36 meses, con opci\u00f3n por parte del banco a renovarlo por otros doce meses.<\/p>\n<p>La gerencia de compras del Ciudad resolvi\u00f3 la contrataci\u00f3n de la compa\u00f1\u00eda por 2.600.000 pesos. Por el monto involucrado, la licitaci\u00f3n no pas\u00f3 por el directorio del banco. No siempre las adjudicaciones se definen en esa instancia superior, aunque eso no exime de responsabilidad pol\u00edtica a la conducci\u00f3n del banco en una licitaci\u00f3n tan pol\u00e9mica. Aunque se trata de una persona jur\u00eddica aut\u00e1rquica seg\u00fan sostiene su carta org\u00e1nica y tiene plena autonom\u00eda de gesti\u00f3n \u2013tanto presupuestaria como administrativa\u2013, es el banco oficial de la ciudad de Buenos Aires.<\/p>\n<p>\u201cEs de locos que contraten a Iron Mountain y que sea para guardar la documentaci\u00f3n en el mismo lugar del incendio. Es muy impresionante\u201d, se\u00f1al\u00f3 Arce Aggeo. El Bolet\u00edn Oficial ubica la direcci\u00f3n de la empresa en Azara 1245 que es donde todav\u00eda se levanta una parte del dep\u00f3sito que no result\u00f3 incendiado aquel 5 de febrero de 2014.<\/p>\n<p>Hay una causa que contin\u00faa abierta donde se investiga el siniestro y que sigue el juez de instrucci\u00f3n Pablo Ormaechea. El abogado de la querella describi\u00f3 cu\u00e1les fueron sus \u00faltimos movimientos: \u201cEstamos con una pericia terminada que agreg\u00f3 un dato bastante interesante y es que la construcci\u00f3n de la pared que termin\u00f3 matando a los bomberos era una pared de principios del siglo pasado. El perito de la UTN nos dijo que no se constru\u00eda en esa \u00e9poca con el cemento que conocemos hoy. Era una mezcla que ten\u00eda componentes muy altos de cal. Y pr\u00e1cticamente nos hizo una demostraci\u00f3n que con la u\u00f1a se puede sacar la base, el pegamento de los ladrillos. No entiendo c\u00f3mo esa pared estaba habilitada. Era del tipo medianera que daba a la calle y ten\u00eda como veinte metros de altura. Pod\u00eda haber matado a cualquiera, aunque se cay\u00f3 por el calor del incendio\u201d.<\/p>\n<p>Arce Aggeo se\u00f1al\u00f3 tambi\u00e9n que se constataron otras irregularidades desde que ardi\u00f3 el dep\u00f3sito: \u201cSus columnas no estaban revestidas del material necesario contra el fuego y las cajas que se encontraban en el lugar no respetaban la altura m\u00e1xima, lo que hizo que las estanter\u00edas colapsaran m\u00e1s r\u00e1pido y el incendio se propagara de la misma forma\u201d. El abogado va a pedir que la causa por el siniestro pase al fuero federal donde el juez Sebasti\u00e1n Casanello investiga el presunto delito de lavado en que habr\u00edan incurrido varias empresas que guardaban documentaci\u00f3n en el dep\u00f3sito de Barracas.<\/p>\n<p>En la n\u00f3mina hay bancos, consultoras, laboratorios, compa\u00f1\u00edas de servicios y tambi\u00e9n la constructora Sideco Americana, de Grupo Macri. Para Arce Aggeo el tema perdi\u00f3 visibilidad en los medios porque \u201cla responsabilidad de lo que sucedi\u00f3 alcanza a personas que tienen el poder en el gobierno nacional. Se puede litigar, pero con limitaciones\u201d.<\/p>\n<p>Cuando se produjo el incendio el jefe de Gobierno porte\u00f1o era el actual presidente y G\u00f3mez Centuri\u00f3n uno de los principales responsables de los controles a empresas como Iron Mountain. En la AGC a su cargo se perdi\u00f3 el expediente de la habilitaci\u00f3n a la planta de Barracas y hubo que reconstruirlo. En 2015 diputados porte\u00f1os cuestionaron ese hecho en un informe al que titularon: \u201cSugestivo extrav\u00edo de un expediente cr\u00edtico\u201d.<\/p>\n<p>Durante dos a\u00f1os (2012-2013) no hubo controles al dep\u00f3sito de la calle Azara seg\u00fan Pedro Luis Chapar, el director de Fiscalizaci\u00f3n y Control del organismo. IM les pag\u00f3 a los familiares de las v\u00edctimas indemnizaciones muy bajas que aceptaron porque estaban apremiados econ\u00f3micamente. El juicio sigue demasiado lento aunque funcionarios del gobierno porte\u00f1o, responsables del \u00e1rea de prevenci\u00f3n contra incendios de la compa\u00f1\u00eda y vigiladores privados contin\u00faan imputados a pedido de los querellantes. Esto \u00faltimo fue ratificado por la C\u00e1mara de Apelaciones en lo Criminal y Correccional en un fallo a comienzos de 2016.<\/p>\n<h6>Fuente: P\u00e1gina 12<\/h6>\n","protected":false},"excerpt":{"rendered":"<p>La entidad porte\u00f1a acept\u00f3 en la licitaci\u00f3n a la empresa que sufri\u00f3 un incendio intencional en 2014, a pesar de que deber\u00eda estar inhabilitada por haber sido clausurada el a\u00f1o pasado. <\/p>\n","protected":false},"author":2,"featured_media":55774,"comment_status":"closed","ping_status":"closed","sticky":false,"template":"","format":"standard","meta":{"footnotes":""},"categories":[8],"tags":[21],"class_list":["post-55773","post","type-post","status-publish","format-standard","has-post-thumbnail","hentry","category-informe-nacional","tag-argentina"],"_links":{"self":[{"href":"http:\/\/argentinamunicipal.com.ar\/argentina\/wp-json\/wp\/v2\/posts\/55773","targetHints":{"allow":["GET"]}}],"collection":[{"href":"http:\/\/argentinamunicipal.com.ar\/argentina\/wp-json\/wp\/v2\/posts"}],"about":[{"href":"http:\/\/argentinamunicipal.com.ar\/argentina\/wp-json\/wp\/v2\/types\/post"}],"author":[{"embeddable":true,"href":"http:\/\/argentinamunicipal.com.ar\/argentina\/wp-json\/wp\/v2\/users\/2"}],"replies":[{"embeddable":true,"href":"http:\/\/argentinamunicipal.com.ar\/argentina\/wp-json\/wp\/v2\/comments?post=55773"}],"version-history":[{"count":0,"href":"http:\/\/argentinamunicipal.com.ar\/argentina\/wp-json\/wp\/v2\/posts\/55773\/revisions"}],"wp:featuredmedia":[{"embeddable":true,"href":"http:\/\/argentinamunicipal.com.ar\/argentina\/wp-json\/wp\/v2\/media\/55774"}],"wp:attachment":[{"href":"http:\/\/argentinamunicipal.com.ar\/argentina\/wp-json\/wp\/v2\/media?parent=55773"}],"wp:term":[{"taxonomy":"category","embeddable":true,"href":"http:\/\/argentinamunicipal.com.ar\/argentina\/wp-json\/wp\/v2\/categories?post=55773"},{"taxonomy":"post_tag","embeddable":true,"href":"http:\/\/argentinamunicipal.com.ar\/argentina\/wp-json\/wp\/v2\/tags?post=55773"}],"curies":[{"name":"wp","href":"https:\/\/api.w.org\/{rel}","templated":true}]}}