{"id":55807,"date":"2016-11-10T08:21:48","date_gmt":"2016-11-10T11:21:48","guid":{"rendered":"http:\/\/argentinamunicipal.com.ar\/argentina\/?p=55807"},"modified":"2016-11-10T08:37:20","modified_gmt":"2016-11-10T11:37:20","slug":"fiesta-nacional-la-naranja-bella-vista-del-11-al-13-noviembre","status":"publish","type":"post","link":"http:\/\/argentinamunicipal.com.ar\/argentina\/fiesta-nacional-la-naranja-bella-vista-del-11-al-13-noviembre\/","title":{"rendered":"Fiesta Nacional de la Naranja, Bella Vista, del 11 al 13 de noviembre"},"content":{"rendered":"<p>La Municipalidad empez\u00f3 los preparativos de la 14\u00aa Fiesta Nacional de la Naranja, a realizarse del 11 al 13 de noviembre, con la participaci\u00f3n ya confirmada de Miguel Mateos y Los Aut\u00e9nticos Decadentes.<\/p>\n<p><strong>Expo Frutos 2016:<\/strong><br \/>\nSector dentro del predio de la Fiesta Nacional de la Naranja con acceso libre y gratuito; donde diferentes empresas exponen sus productos y servicios al p\u00fablico en general. Adem\u00e1s se realizan conferencias y presentaci\u00f3n de trabajos referidos a la citricultura, exposici\u00f3n de maquinarias y rubros diversos a cargo de diferentes organismos y empresas del sector.<\/p>\n<p><strong>Artistas para la gran fiesta<\/strong><br \/>\nDurante las tres noches, artistas internacionales, nacionales y locales brindar\u00e1n un espect\u00e1culo exclusivo sobre el escenario mayor de la Fiesta Nacional de la Naranja en la ciudad de Bella Vista, Corrientes.<\/p>\n<p><strong>VIERNES 11<\/strong><\/p>\n<p>Aut\u00e9nticos Decadentes<br \/>\nBallet de la Naranja<br \/>\nLos Hermanos Ort\u00edz<br \/>\nKalacawas<\/p>\n<p><strong>S\u00c1BADO 12<\/strong><\/p>\n<p>Miguel Mateos<br \/>\nErnestito Montiel<br \/>\nOrquesta Municipal<br \/>\nAuto Reverse<\/p>\n<p><strong>DOMINGO 13<\/strong><\/p>\n<p>Juancito G\u00fcenaga Y Su Conjunto<br \/>\nLa Plena Fuerza<br \/>\nLos Hermanos Vallejos<br \/>\nLa Happy Hour<\/p>\n","protected":false},"excerpt":{"rendered":"<p>La Municipalidad empez\u00f3 los preparativos de la 14\u00aa Fiesta Nacional de la Naranja, a realizarse del 11 al 13 de noviembre, con la participaci\u00f3n ya confirmada de Miguel Mateos y Los Aut\u00e9nticos Decadentes.<\/p>\n","protected":false},"author":2,"featured_media":55808,"comment_status":"closed","ping_status":"closed","sticky":false,"template":"","format":"standard","meta":{"footnotes":""},"categories":[47],"tags":[13],"class_list":["post-55807","post","type-post","status-publish","format-standard","has-post-thumbnail","hentry","category-fiestas","tag-corrientes"],"_links":{"self":[{"href":"http:\/\/argentinamunicipal.com.ar\/argentina\/wp-json\/wp\/v2\/posts\/55807","targetHints":{"allow":["GET"]}}],"collection":[{"href":"http:\/\/argentinamunicipal.com.ar\/argentina\/wp-json\/wp\/v2\/posts"}],"about":[{"href":"http:\/\/argentinamunicipal.com.ar\/argentina\/wp-json\/wp\/v2\/types\/post"}],"author":[{"embeddable":true,"href":"http:\/\/argentinamunicipal.com.ar\/argentina\/wp-json\/wp\/v2\/users\/2"}],"replies":[{"embeddable":true,"href":"http:\/\/argentinamunicipal.com.ar\/argentina\/wp-json\/wp\/v2\/comments?post=55807"}],"version-history":[{"count":0,"href":"http:\/\/argentinamunicipal.com.ar\/argentina\/wp-json\/wp\/v2\/posts\/55807\/revisions"}],"wp:featuredmedia":[{"embeddable":true,"href":"http:\/\/argentinamunicipal.com.ar\/argentina\/wp-json\/wp\/v2\/media\/55808"}],"wp:attachment":[{"href":"http:\/\/argentinamunicipal.com.ar\/argentina\/wp-json\/wp\/v2\/media?parent=55807"}],"wp:term":[{"taxonomy":"category","embeddable":true,"href":"http:\/\/argentinamunicipal.com.ar\/argentina\/wp-json\/wp\/v2\/categories?post=55807"},{"taxonomy":"post_tag","embeddable":true,"href":"http:\/\/argentinamunicipal.com.ar\/argentina\/wp-json\/wp\/v2\/tags?post=55807"}],"curies":[{"name":"wp","href":"https:\/\/api.w.org\/{rel}","templated":true}]}}