{"id":55825,"date":"2016-11-11T07:06:27","date_gmt":"2016-11-11T10:06:27","guid":{"rendered":"http:\/\/argentinamunicipal.com.ar\/argentina\/?p=55825"},"modified":"2016-11-11T07:06:27","modified_gmt":"2016-11-11T10:06:27","slug":"ya-esta-casi-lista-la-central-fotovoltaica-san-lorenzo","status":"publish","type":"post","link":"http:\/\/argentinamunicipal.com.ar\/argentina\/ya-esta-casi-lista-la-central-fotovoltaica-san-lorenzo\/","title":{"rendered":"Ya est\u00e1 casi lista la central fotovoltaica de San Lorenzo"},"content":{"rendered":"<p>Ubicada a la vera del acceso norte a autopista se convertir\u00e1 en la primera de su especie en toda la provincia. El proyecto cont\u00f3 con un fuerte apoyo de la gesti\u00f3n municipal.<\/p>\n<p>El montaje de la planta de energ\u00eda solar fotovoltaica de San Lorenzo ingres\u00f3 en su etapa final de ejecuci\u00f3n y los trabajos est\u00e1n pr\u00e1cticamente terminados.<\/p>\n<p>Ya finalizada la edificaci\u00f3n del sal\u00f3n escuela e instalados los 5500 paneles de alimentaci\u00f3n, se continu\u00f3 con la construcci\u00f3n de la base operativa y la instalaci\u00f3n de luminarias a base de, precisamente, energ\u00eda solar en todo el per\u00edmetro del predio.<\/p>\n<p>En estos momentos, la Provincia est\u00e1 instalando los equipos transformadores que posibilitar\u00e1n la puesta en marcha de la generadora que posibilitar\u00e1 la producci\u00f3n de 1.1 megavatio para el sistema interconectado nacional, un caudal capaz de alimentar el consumo de unos seiscientos hogares.<\/p>\n<p>\u201cEsta es una apuesta fuerte de la provincia que se suma a diversas iniciativas emprendidas por el municipio. Ya tenemos la costanera ecol\u00f3gica y seguiremos con la colocaci\u00f3n de tecnolog\u00edas similares en la zona sur, as\u00ed como tambi\u00e9n con la instalaci\u00f3n de mobiliario ecol\u00f3gico en los edificios municipales\u201d, destacaron las autoridades locales.<\/p>\n<p>El emprendimiento demand\u00f3 una inversi\u00f3n de 32 millones de pesos.<\/p>\n<h6>Fuente: Sin Mordaza<\/h6>\n","protected":false},"excerpt":{"rendered":"<p>Ubicada a la vera del acceso norte a autopista se convertir\u00e1 en la primera de su especie en toda la provincia. El proyecto cont\u00f3 con un fuerte apoyo de la gesti\u00f3n municipal.<\/p>\n","protected":false},"author":2,"featured_media":55826,"comment_status":"closed","ping_status":"closed","sticky":false,"template":"","format":"standard","meta":{"footnotes":""},"categories":[2],"tags":[10],"class_list":["post-55825","post","type-post","status-publish","format-standard","has-post-thumbnail","hentry","category-informe-municipal","tag-santa-fe"],"_links":{"self":[{"href":"http:\/\/argentinamunicipal.com.ar\/argentina\/wp-json\/wp\/v2\/posts\/55825","targetHints":{"allow":["GET"]}}],"collection":[{"href":"http:\/\/argentinamunicipal.com.ar\/argentina\/wp-json\/wp\/v2\/posts"}],"about":[{"href":"http:\/\/argentinamunicipal.com.ar\/argentina\/wp-json\/wp\/v2\/types\/post"}],"author":[{"embeddable":true,"href":"http:\/\/argentinamunicipal.com.ar\/argentina\/wp-json\/wp\/v2\/users\/2"}],"replies":[{"embeddable":true,"href":"http:\/\/argentinamunicipal.com.ar\/argentina\/wp-json\/wp\/v2\/comments?post=55825"}],"version-history":[{"count":0,"href":"http:\/\/argentinamunicipal.com.ar\/argentina\/wp-json\/wp\/v2\/posts\/55825\/revisions"}],"wp:featuredmedia":[{"embeddable":true,"href":"http:\/\/argentinamunicipal.com.ar\/argentina\/wp-json\/wp\/v2\/media\/55826"}],"wp:attachment":[{"href":"http:\/\/argentinamunicipal.com.ar\/argentina\/wp-json\/wp\/v2\/media?parent=55825"}],"wp:term":[{"taxonomy":"category","embeddable":true,"href":"http:\/\/argentinamunicipal.com.ar\/argentina\/wp-json\/wp\/v2\/categories?post=55825"},{"taxonomy":"post_tag","embeddable":true,"href":"http:\/\/argentinamunicipal.com.ar\/argentina\/wp-json\/wp\/v2\/tags?post=55825"}],"curies":[{"name":"wp","href":"https:\/\/api.w.org\/{rel}","templated":true}]}}