{"id":55831,"date":"2016-11-11T07:13:00","date_gmt":"2016-11-11T10:13:00","guid":{"rendered":"http:\/\/argentinamunicipal.com.ar\/argentina\/?p=55831"},"modified":"2016-11-11T07:13:00","modified_gmt":"2016-11-11T10:13:00","slug":"mar-del-plata-drastica-la-baja-los-servicios-salud-municipal-se-brindan-los-vecinos","status":"publish","type":"post","link":"http:\/\/argentinamunicipal.com.ar\/argentina\/mar-del-plata-drastica-la-baja-los-servicios-salud-municipal-se-brindan-los-vecinos\/","title":{"rendered":"Mar del Plata: \u201cEs dr\u00e1stica la baja en los servicios de salud municipal que se brindan a los vecinos\u201d"},"content":{"rendered":"<p>El concejal de AM Alejandro Ferro dijo en la sesi\u00f3n del Concejo Deliberante que \u00abel acceso a la salud es un derecho que hoy se est\u00e1 viendo vulnerado\u00bb. Aport\u00f3 datos comparativos 2015-2016.<\/p>\n<p>Desde Acci\u00f3n Marplatense expresaron su preocupaci\u00f3n por la disminuci\u00f3n en la cantidad de servicios de salud brindados por el municipio en el \u00faltimo a\u00f1o. Al respecto, el concejal Alejandro Ferro, durante la sesi\u00f3n del Concejo Deliberante, afirm\u00f3 que \u201cel acceso a la salud es un derecho que hoy est\u00e1 siendo vulnerado. La falta de profesionales, de insumos, la desarticulaci\u00f3n de programas, el cierre de guardias de 24 horas en Centros de Atenci\u00f3n Primaria, la paralizaci\u00f3n de la construcci\u00f3n del Centro de Salud de Bat\u00e1n son algunos de los aspectos de la triste realidad de la salud p\u00fablica municipal\u201d.<\/p>\n<p>En este sentido, se\u00f1al\u00f3 que \u201csi comparamos las cifras oficiales de enero a agosto de 2015 con el mismo per\u00edodo de 2016, las prestaciones totales pasaron de 1.262.483 a 944.622, lo que implica una reducci\u00f3n del 25%. No debemos olvidar que esos n\u00fameros no son ni m\u00e1s ni menos que personas que han quedado afuera del servicio de salud municipal\u201d.<\/p>\n<p>\u201cLa desarticulaci\u00f3n de programas destinados a la mujer ocasion\u00f3 que las mamograf\u00edas se redujeran en un 38% y los papanicolau en un 53%. Al no recibir atenci\u00f3n, puede ser que algunas mujeres tengan c\u00e1ncer mamario y no lo sepan\u201d, consider\u00f3 el edil.<\/p>\n<p>seguido, ferro indic\u00f3 que \u201ctambi\u00e9n se redujo el n\u00famero de ecograf\u00edas, radiolog\u00edas, guardia cl\u00ednica m\u00e9dica, odontolog\u00eda, enfermer\u00eda, y laboratorio, entre otras prestaciones\u201d.<\/p>\n<p>\u201cHay una baja dr\u00e1stica en las prestaciones de salud del Estado municipal para los vecinos. Es una situaci\u00f3n muy preocupante, especialmente si tenemos en cuenta que la mayor\u00eda de los vecinos que utilizan el sistema p\u00fablico, no cuentan con cobertura de obra social y encuentran en el Estado el lugar para el cuidado de su salud\u201d, complet\u00f3.<\/p>\n<p>En el gr\u00e1fico se muestra el porcentaje de disminuci\u00f3n de las prestaciones de salud municipal comparando el per\u00edodo de enero ? agosto 2015 con el mismo per\u00edodo del a\u00f1o 2016.<\/p>\n<h6>Fuente: La Capital Mar del Plata<\/h6>\n","protected":false},"excerpt":{"rendered":"<p>El concejal de AM Alejandro Ferro dijo en la sesi\u00f3n del Concejo Deliberante que \u00abel acceso a la salud es un derecho que hoy se est\u00e1 viendo vulnerado\u00bb. Aport\u00f3 datos comparativos 2015-2016.<\/p>\n","protected":false},"author":2,"featured_media":55832,"comment_status":"closed","ping_status":"closed","sticky":false,"template":"","format":"standard","meta":{"footnotes":""},"categories":[2],"tags":[12],"class_list":["post-55831","post","type-post","status-publish","format-standard","has-post-thumbnail","hentry","category-informe-municipal","tag-buenos-aires"],"_links":{"self":[{"href":"http:\/\/argentinamunicipal.com.ar\/argentina\/wp-json\/wp\/v2\/posts\/55831","targetHints":{"allow":["GET"]}}],"collection":[{"href":"http:\/\/argentinamunicipal.com.ar\/argentina\/wp-json\/wp\/v2\/posts"}],"about":[{"href":"http:\/\/argentinamunicipal.com.ar\/argentina\/wp-json\/wp\/v2\/types\/post"}],"author":[{"embeddable":true,"href":"http:\/\/argentinamunicipal.com.ar\/argentina\/wp-json\/wp\/v2\/users\/2"}],"replies":[{"embeddable":true,"href":"http:\/\/argentinamunicipal.com.ar\/argentina\/wp-json\/wp\/v2\/comments?post=55831"}],"version-history":[{"count":0,"href":"http:\/\/argentinamunicipal.com.ar\/argentina\/wp-json\/wp\/v2\/posts\/55831\/revisions"}],"wp:featuredmedia":[{"embeddable":true,"href":"http:\/\/argentinamunicipal.com.ar\/argentina\/wp-json\/wp\/v2\/media\/55832"}],"wp:attachment":[{"href":"http:\/\/argentinamunicipal.com.ar\/argentina\/wp-json\/wp\/v2\/media?parent=55831"}],"wp:term":[{"taxonomy":"category","embeddable":true,"href":"http:\/\/argentinamunicipal.com.ar\/argentina\/wp-json\/wp\/v2\/categories?post=55831"},{"taxonomy":"post_tag","embeddable":true,"href":"http:\/\/argentinamunicipal.com.ar\/argentina\/wp-json\/wp\/v2\/tags?post=55831"}],"curies":[{"name":"wp","href":"https:\/\/api.w.org\/{rel}","templated":true}]}}