{"id":55843,"date":"2016-11-11T07:31:39","date_gmt":"2016-11-11T10:31:39","guid":{"rendered":"http:\/\/argentinamunicipal.com.ar\/argentina\/?p=55843"},"modified":"2016-11-11T07:31:39","modified_gmt":"2016-11-11T10:31:39","slug":"sigue-la-inflacion-lo-festejan","status":"publish","type":"post","link":"http:\/\/argentinamunicipal.com.ar\/argentina\/sigue-la-inflacion-lo-festejan\/","title":{"rendered":"Sigue la inflaci\u00f3n pero lo festejan"},"content":{"rendered":"<p>Pese a la aceleraci\u00f3n de la inflaci\u00f3n respecto de agosto (0,2) y septiembre (1,1), el Ministerio de Hacienda y Finanzas lo expuso como un \u00e9xito. Pero no solo las tarifas de gas impulsaron el \u00edndice.<\/p>\n<p>El \u00edndice de precios al consumidor aument\u00f3 2,4 por ciento en octubre, mostrando una fuerte aceleraci\u00f3n con respecto a los dos meses anteriores. En agosto, la variaci\u00f3n del IPC hab\u00eda resultado de apenas 0,2 por ciento, y en septiembre reflejaba un crecimiento de tan solo 1,1 por ciento. En el mes bajo an\u00e1lisis, la aplicaci\u00f3n de los nuevos cuadros tarifarios en el suministro de gas distribuido en redes, por resoluci\u00f3n del Enargas vigente a partir del 7 de octubre, incidi\u00f3 fuerte en el aumento. Sin embargo, no s\u00f3lo fue el rubro Vivienda y servicios b\u00e1sicos, cuyos precios treparon el 10,7 por ciento, el \u00fanico que demuestra que la inflaci\u00f3n es un mal todav\u00eda presente: Indumentaria registr\u00f3 un incremento mensual del 3,6 por ciento, y Atenci\u00f3n m\u00e9dica y gastos para la salud, 3,4 por ciento de suba sobre los precios de septiembre.<\/p>\n<p>El Ministerio de Hacienda y Finanzas encontr\u00f3 una manera ocurrente aunque poco efectiva para ocultar la aceleraci\u00f3n de la inflaci\u00f3n en octubre. En vez de analizar la evoluci\u00f3n creciente del \u00edndice, los tom\u00f3 en conjunto, los promedi\u00f3 y lo present\u00f3 de la siguiente forma: \u201cEl promedio de estas tres \u00faltimas variaciones mensuales del \u00edndice general arroja un 1,2 por ciento mensual (la redundancia es obra del autor del comunicado oficial) y configura una tendencia limpia en la que se compensan aquellos vaivenes\u201d. As\u00ed est\u00e1 expresado en un comunicado de la cartera que encabeza Alfonso Prat Gay, presentado con el t\u00edtulo \u201cEn lo que va del segundo semestre, la inflaci\u00f3n promedia un 1,4 por ciento mensual\u201d, en ese caso, tambi\u00e9n embolsando en el c\u00e1lculo la inflaci\u00f3n de julio. En esto, puede decirse que Prat Gay no presenta contradicciones ni diferencias con respecto al titular del Banco Central, Federico Sturzenegger: ambos aprovechan el anuncio o comentario sobre cada noticia, por mala que sea, como parte del fulgurante \u00e9xito de sus respectivas gestiones.<\/p>\n<p>En el mismo comunicado, Hacienda y Finanzas hace dos esfuerzos adicionales por demostrar \u201cla batalla ganada\u201d contra la inflaci\u00f3n. Elabora una secuencia mensual de un \u00edndice desgasificado (el t\u00e9rmino no es adjudicable al Ministerio, sino al autor de esta nota), es decir, sin la incidencia de las tarifas de gas. As\u00ed, resultar\u00eda que los aumentos mensuales ser\u00edan del 0,9 por ciento en agosto, 1,7 en septiembre y 1,5 en octubre. De tal forma, y tras semejante despliegue de claridad expositiva, la cartera econ\u00f3mica concluye, para quien lo quiera oir: \u201cTal como lo hab\u00eda previsto el gobierno, la evoluci\u00f3n del IPC general est\u00e1 muy por debajo de los niveles observados durante la primera mitad del a\u00f1o, (y) la inflaci\u00f3n del segundo semestre ya est\u00e1 por debajo de la meta mensual del 1,5 por ciento anunciado por el BCRA para los \u00faltimos meses del a\u00f1o\u201d. Siguiendo el mismo criterio, los \u00edndices de precios de los \u00faltimos dos meses del a\u00f1o deber\u00e1n tomarse sin incorporar la incidencia del futuro aumento de las tarifas el\u00e9ctricas y sin el c\u00e1lculo del brutal incremento en el precio del subte, ya que el Indec de Cambiemos ha vuelto al c\u00e1lculo de precios \u00fanicamente sobre el \u00e1rea metropolitana (CABA y conurbano), abandonando el seguimiento en el resto del pa\u00eds.<\/p>\n<p>De cualquier modo, los propios datos del Indec ponen en controversia las conclusiones de Hacienda y Finanzas. La denominada Inflaci\u00f3n N\u00facleo, que mide la variaci\u00f3n de precios que no se definen por regulaci\u00f3n estatal ni responden a bruscos cambios estacionales, mostr\u00f3 en octubre una variaci\u00f3n del 1,8 por ciento, aumentando tres d\u00e9cimas sobre el nivel de septiembre. As\u00ed, la inflaci\u00f3n se estar\u00eda alejando y no acerc\u00e1ndose a la meta del BCRA. Por otra parte, los aumentos en rubros tan elementales como Indumentaria y Salud deber\u00edan llevar a una mayor preocupaci\u00f3n y no la autocomplacencia del gobierno. Adem\u00e1s, no s\u00f3lo la boleta del gas aument\u00f3 en los gastos relacionados con la Vivienda: alquileres registr\u00f3 un alza del 2,8 por ciento en octubre, y Reparaciones y gastos comunes (expensas), 6,2 por ciento en el mismo mes. Y lo dice el Indec de Todesca.<\/p>\n<h6>Fuente: P\u00e1gina 12<\/h6>\n","protected":false},"excerpt":{"rendered":"<p>Pese a la aceleraci\u00f3n de la inflaci\u00f3n respecto de agosto (0,2) y septiembre (1,1), el Ministerio de Hacienda y Finanzas lo expuso como un \u00e9xito. Pero no solo las tarifas de gas impulsaron el \u00edndice.<\/p>\n","protected":false},"author":2,"featured_media":55844,"comment_status":"closed","ping_status":"closed","sticky":false,"template":"","format":"standard","meta":{"footnotes":""},"categories":[8],"tags":[21],"class_list":["post-55843","post","type-post","status-publish","format-standard","has-post-thumbnail","hentry","category-informe-nacional","tag-argentina"],"_links":{"self":[{"href":"http:\/\/argentinamunicipal.com.ar\/argentina\/wp-json\/wp\/v2\/posts\/55843","targetHints":{"allow":["GET"]}}],"collection":[{"href":"http:\/\/argentinamunicipal.com.ar\/argentina\/wp-json\/wp\/v2\/posts"}],"about":[{"href":"http:\/\/argentinamunicipal.com.ar\/argentina\/wp-json\/wp\/v2\/types\/post"}],"author":[{"embeddable":true,"href":"http:\/\/argentinamunicipal.com.ar\/argentina\/wp-json\/wp\/v2\/users\/2"}],"replies":[{"embeddable":true,"href":"http:\/\/argentinamunicipal.com.ar\/argentina\/wp-json\/wp\/v2\/comments?post=55843"}],"version-history":[{"count":0,"href":"http:\/\/argentinamunicipal.com.ar\/argentina\/wp-json\/wp\/v2\/posts\/55843\/revisions"}],"wp:featuredmedia":[{"embeddable":true,"href":"http:\/\/argentinamunicipal.com.ar\/argentina\/wp-json\/wp\/v2\/media\/55844"}],"wp:attachment":[{"href":"http:\/\/argentinamunicipal.com.ar\/argentina\/wp-json\/wp\/v2\/media?parent=55843"}],"wp:term":[{"taxonomy":"category","embeddable":true,"href":"http:\/\/argentinamunicipal.com.ar\/argentina\/wp-json\/wp\/v2\/categories?post=55843"},{"taxonomy":"post_tag","embeddable":true,"href":"http:\/\/argentinamunicipal.com.ar\/argentina\/wp-json\/wp\/v2\/tags?post=55843"}],"curies":[{"name":"wp","href":"https:\/\/api.w.org\/{rel}","templated":true}]}}