{"id":55846,"date":"2016-11-11T07:34:44","date_gmt":"2016-11-11T10:34:44","guid":{"rendered":"http:\/\/argentinamunicipal.com.ar\/argentina\/?p=55846"},"modified":"2016-11-11T07:34:44","modified_gmt":"2016-11-11T10:34:44","slug":"seis-diez-argentinos-tienen-problemas-empleo","status":"publish","type":"post","link":"http:\/\/argentinamunicipal.com.ar\/argentina\/seis-diez-argentinos-tienen-problemas-empleo\/","title":{"rendered":"Seis de cada diez argentinos tienen problemas de empleo"},"content":{"rendered":"<p>Apenas el 37 % de los trabajadores tiene un trabajo considerado \u201cnormal\u201d mientras que el resto presenta alg\u00fan problema que va desde el desempleo, al subempleo o sobreempleo, lo que da cuenta de que seis de cada diez tienen problemas de empleo.<\/p>\n<p>Seg\u00fan un informe del Centro de Estudios de la Nueva Econom\u00eda (CENE) de la Universidad de Belgrano, \u201csobre un total de 20 millones de integrantes de la poblaci\u00f3n econ\u00f3micamente activa, s\u00f3lo 7,4 millones\u201d no presentar\u00edan problemas de trabajo.<\/p>\n<p>\u201cA partir de que el INDEC reinici\u00f3 la publicaci\u00f3n de estad\u00edsticas veraces, hay datos que describen un panorama nada auspicioso en el mercado de trabajo\u201d, indic\u00f3 el reporte.<\/p>\n<p>El CENE se\u00f1al\u00f3 que \u201csi se suman los desempleados (9,3 por ciento de la poblaci\u00f3n econ\u00f3micamente activa), los subocupados y ocupados que buscan trabajo (23,4) y los sobreocupados (26,6), se concluye que un 59,3 por ciento presenta problemas de empleo y que s\u00f3lo un 37,2 tendr\u00eda un trabajo \u2018normal\u2019\u201d.<\/p>\n<p>\u201cDel total de 14 millones de asalariados, un 33,4 por ciento no est\u00e1 registrado, es decir que carece de descuento jubilatorio y obra social\u201d, advirti\u00f3.<\/p>\n<p>El estudio a\u00f1adi\u00f3 que en ese grupo \u201ctotaliza unos 4,7 millones de trabajadores que, adem\u00e1s, ganan entre un 30 y un 50 por ciento menos que lo que obtendr\u00edan por igual empleo en blanco\u201d. \u201cEsa informalidad cae al 7,8 por ciento en Tierra del Fuego, pero trepa al 44,8 en Salta y al 42,3 en Tucum\u00e1n\u201d, explic\u00f3 el estudio.<\/p>\n<p>El estudio de la Universidad de Belgrano CENE afirm\u00f3 que \u201cesta radiograf\u00eda plantea un enorme desaf\u00edo\u201d y advirti\u00f3 que \u201ces preciso crear empleo, pero sobre todo empleo de calidad.<br \/>\nDel total de 14 millones de asalariados, un 33,4 por ciento no est\u00e1 registrado, es decir que carece de descuento jubilatorio y obra social, advirti\u00f3 el estudio de la Universidad de Belgrano<\/p>\n<h6>Fuente: R\u00edo Negro<\/h6>\n","protected":false},"excerpt":{"rendered":"<p>Apenas el 37 % de los trabajadores tiene un trabajo considerado \u201cnormal\u201d mientras que el resto presenta alg\u00fan problema que va desde el desempleo, al subempleo o sobreempleo<\/p>\n","protected":false},"author":2,"featured_media":55847,"comment_status":"closed","ping_status":"closed","sticky":false,"template":"","format":"standard","meta":{"footnotes":""},"categories":[8],"tags":[21],"class_list":["post-55846","post","type-post","status-publish","format-standard","has-post-thumbnail","hentry","category-informe-nacional","tag-argentina"],"_links":{"self":[{"href":"http:\/\/argentinamunicipal.com.ar\/argentina\/wp-json\/wp\/v2\/posts\/55846","targetHints":{"allow":["GET"]}}],"collection":[{"href":"http:\/\/argentinamunicipal.com.ar\/argentina\/wp-json\/wp\/v2\/posts"}],"about":[{"href":"http:\/\/argentinamunicipal.com.ar\/argentina\/wp-json\/wp\/v2\/types\/post"}],"author":[{"embeddable":true,"href":"http:\/\/argentinamunicipal.com.ar\/argentina\/wp-json\/wp\/v2\/users\/2"}],"replies":[{"embeddable":true,"href":"http:\/\/argentinamunicipal.com.ar\/argentina\/wp-json\/wp\/v2\/comments?post=55846"}],"version-history":[{"count":0,"href":"http:\/\/argentinamunicipal.com.ar\/argentina\/wp-json\/wp\/v2\/posts\/55846\/revisions"}],"wp:featuredmedia":[{"embeddable":true,"href":"http:\/\/argentinamunicipal.com.ar\/argentina\/wp-json\/wp\/v2\/media\/55847"}],"wp:attachment":[{"href":"http:\/\/argentinamunicipal.com.ar\/argentina\/wp-json\/wp\/v2\/media?parent=55846"}],"wp:term":[{"taxonomy":"category","embeddable":true,"href":"http:\/\/argentinamunicipal.com.ar\/argentina\/wp-json\/wp\/v2\/categories?post=55846"},{"taxonomy":"post_tag","embeddable":true,"href":"http:\/\/argentinamunicipal.com.ar\/argentina\/wp-json\/wp\/v2\/tags?post=55846"}],"curies":[{"name":"wp","href":"https:\/\/api.w.org\/{rel}","templated":true}]}}