{"id":55864,"date":"2016-11-11T08:21:40","date_gmt":"2016-11-11T11:21:40","guid":{"rendered":"http:\/\/argentinamunicipal.com.ar\/argentina\/?p=55864"},"modified":"2016-11-11T08:21:40","modified_gmt":"2016-11-11T11:21:40","slug":"la-cgt-elige-movilizar-ir-paro-general","status":"publish","type":"post","link":"http:\/\/argentinamunicipal.com.ar\/argentina\/la-cgt-elige-movilizar-ir-paro-general\/","title":{"rendered":"La CGT elige movilizar antes que ir a un paro general"},"content":{"rendered":"<p>Ser\u00e1 en el acto convocado por organizaciones sociales por la \u201cemergencia social y laboral\u201d. Hay diferencias internas y algunos reclamos por la relaci\u00f3n de Hugo Moyano y el Gobierno.<\/p>\n<p>Aunque atravesada por sus contradicciones internas, tanto pol\u00edticas como econ\u00f3micas, la CGT se encamina a hacer una demostraci\u00f3n de fuerza que se pretende masiva contra las decisiones del gobierno de Mauricio Macri. Ser\u00e1 despu\u00e9s de haber desactivado la posible convocatoria a una huelga nacional ante el di\u00e1logo y algunas concesiones como el bono de fin de a\u00f1o, parcialmente compensatorio de la inflaci\u00f3n.<\/p>\n<p>La magnitud de esa demostraci\u00f3n \u2013prevista para el viernes 18\u2013 tendr\u00e1 su hora de la verdad cuando se vean cu\u00e1les de sus sindicatos y en qu\u00e9 n\u00famero movilizar\u00e1n a sus afiliados al acto convocado por las organizaciones sociales en reclamo de la declaraci\u00f3n de la \u201cemergencia social y laboral\u201d.<\/p>\n<p>La CGT no s\u00f3lo adhiri\u00f3, sino que tambi\u00e9n decidi\u00f3 participar, tal como ayer lo ratific\u00f3 en su reuni\u00f3n del consejo directivo.<\/p>\n<p>La puesta en escena ser\u00e1 en la Plaza de los Dos Congresos, en reclamo de la sanci\u00f3n de una ley de emergencia \u201csocial\u201d, antes de \u2028que finalice el actual per\u00edodo legislativo.<\/p>\n<p>Convocaron las organizaciones de trabajadores informales Ctep (Confederaci\u00f3n de Trabajadores de la Econom\u00eda Popular), Barrios de Pie y Corriente Clasista y Combativa.<\/p>\n<p>Como demostraci\u00f3n de la confluencia in\u00e9dita entre la principal central de trabajadores formales y las organizaciones de trabajadores informales, el cierre del acto estar\u00e1 a cargo de la CGT, seg\u00fan se inform\u00f3 ayer en la reuni\u00f3n del consejo; y, aunque a\u00fan no est\u00e1 decidido, seguramente ser\u00e1 Juan Carlos Schmid el encargado del discurso.<\/p>\n<p>Con todos<\/p>\n<p>La concentraci\u00f3n se presume que en s\u00ed misma ser\u00e1 masiva, a juzgar por la marcha que por el D\u00eda de San Cayetano realizaron las organizaciones sociales, el 7 de agosto, en la Plaza de Mayo, aunque la participaci\u00f3n activa de sindicatos cegetistas puede llegar a darle aun mayores dimensiones. De esa masividad tambi\u00e9n sacar\u00e1 tajada la CGT de cara a la reuni\u00f3n, segunda del di\u00e1logo social, con el Gobierno y los empresarios, que tendr\u00e1 72 horas despu\u00e9s.<\/p>\n<p>\u201cEl compromiso fue el de movilizar lo m\u00e1ximo posible\u201d, dijo a este diario ayer una vez finalizada la reuni\u00f3n el secretario general del sindicato de textiles AOT, Hugo Ben\u00edtez, sugestivamente el \u00fanico en informar sobre el encuentro, cuando las anteriores citas de la conducci\u00f3n unificada terminaron en conferencia de prensa.<\/p>\n<p>El l\u00edder de los trabajadores textiles dijo que la CGT se sumar\u00e1 a la asamblea del 18 con los reclamos de \u201cbasta a los despidos, las suspensiones y las importaciones\u201d, en particular de los productos de consumo masivo.<\/p>\n<p>Cit\u00f3, a prop\u00f3sito, que en el sector textil, durante los \u00faltimos 10 meses, hubo 1.900 despidos y tres mil suspensiones y vacaciones anticipadas.<\/p>\n<p>Sin embargo, habr\u00e1 que ver hasta d\u00f3nde sindicatos con una relaci\u00f3n especial con el Gobierno nacional vayan a movilizar. Por caso, el de camioneros, cuyo secretario general adjunto, Pablo Moyano, que agit\u00f3 la necesidad de un paro nacional, ahora que ello parecer\u00eda haber pasado a segundo plano, volvi\u00f3 a estar ausente en la reuni\u00f3n del consejo del que es parte, igual que su hermano el diputado Facundo, del sindicato de peajes.<\/p>\n<p>La pregunta es: \u00bfcamioneros movilizar\u00e1 seg\u00fan su capacidad despu\u00e9s del acuerdo al que Hugo Moyano lleg\u00f3 con Mauricio Macri para refinanciar la enorme deuda previsional de OCA de la que el camionero ser\u00eda due\u00f1o v\u00eda testaferro?<\/p>\n<p>Contradicci\u00f3n, esa, m\u00e1s econ\u00f3mica que pol\u00edtica. A diferencia, por ejemplo, de la que surgi\u00f3 en la reuni\u00f3n de ayer, cuando uno de los sindicalistas del sector industrial propuso que al acto del 18 tambi\u00e9n sean invitadas las CTA, del mismo modo que a partir de reuniones tenidas esta semana se sumar\u00e1n organizaciones empresariales, Pyme industriales y comerciales, entre otras.<\/p>\n<p>Ya anteanoche, hab\u00eda habido un fuerte cruce entre \u201clos Francisco\u201d. Guti\u00e9rrez, el dirigente metal\u00fargico, le sali\u00f3 al cruce a Cabrera, el ministro de Producci\u00f3n. El primero sostuvo que ser\u00edan m\u00e1s de 15 mil los empleos que se perder\u00e1n en Tierra del Fuego por la apertura de importaciones de aparatos electr\u00f3nicos, contra los \u201cmuchos menos\u201d que sostuvo el ministro y que, de todos modos, tendr\u00edan su \u201cRepro VIP\u201d. \u201cAntes a los 15 mil los tendr\u00e1 que aguantar en su despacho\u201d, le descerraj\u00f3 Guti\u00e9rrez<\/p>\n<h6>Fuente: La Voz del Interior<\/h6>\n","protected":false},"excerpt":{"rendered":"<p>Ser\u00e1 en el acto convocado por organizaciones sociales por la \u201cemergencia social y laboral\u201d. Hay diferencias internas y algunos reclamos por la relaci\u00f3n de Hugo Moyano y el Gobierno.<\/p>\n","protected":false},"author":2,"featured_media":55865,"comment_status":"closed","ping_status":"closed","sticky":false,"template":"","format":"standard","meta":{"footnotes":""},"categories":[8],"tags":[21],"class_list":["post-55864","post","type-post","status-publish","format-standard","has-post-thumbnail","hentry","category-informe-nacional","tag-argentina"],"_links":{"self":[{"href":"http:\/\/argentinamunicipal.com.ar\/argentina\/wp-json\/wp\/v2\/posts\/55864","targetHints":{"allow":["GET"]}}],"collection":[{"href":"http:\/\/argentinamunicipal.com.ar\/argentina\/wp-json\/wp\/v2\/posts"}],"about":[{"href":"http:\/\/argentinamunicipal.com.ar\/argentina\/wp-json\/wp\/v2\/types\/post"}],"author":[{"embeddable":true,"href":"http:\/\/argentinamunicipal.com.ar\/argentina\/wp-json\/wp\/v2\/users\/2"}],"replies":[{"embeddable":true,"href":"http:\/\/argentinamunicipal.com.ar\/argentina\/wp-json\/wp\/v2\/comments?post=55864"}],"version-history":[{"count":0,"href":"http:\/\/argentinamunicipal.com.ar\/argentina\/wp-json\/wp\/v2\/posts\/55864\/revisions"}],"wp:featuredmedia":[{"embeddable":true,"href":"http:\/\/argentinamunicipal.com.ar\/argentina\/wp-json\/wp\/v2\/media\/55865"}],"wp:attachment":[{"href":"http:\/\/argentinamunicipal.com.ar\/argentina\/wp-json\/wp\/v2\/media?parent=55864"}],"wp:term":[{"taxonomy":"category","embeddable":true,"href":"http:\/\/argentinamunicipal.com.ar\/argentina\/wp-json\/wp\/v2\/categories?post=55864"},{"taxonomy":"post_tag","embeddable":true,"href":"http:\/\/argentinamunicipal.com.ar\/argentina\/wp-json\/wp\/v2\/tags?post=55864"}],"curies":[{"name":"wp","href":"https:\/\/api.w.org\/{rel}","templated":true}]}}