{"id":55886,"date":"2016-11-14T06:49:08","date_gmt":"2016-11-14T09:49:08","guid":{"rendered":"http:\/\/argentinamunicipal.com.ar\/argentina\/?p=55886"},"modified":"2016-11-14T06:49:08","modified_gmt":"2016-11-14T09:49:08","slug":"se-lanzo-hurlingham-foro-popular-salud-la-inclusion-social","status":"publish","type":"post","link":"http:\/\/argentinamunicipal.com.ar\/argentina\/se-lanzo-hurlingham-foro-popular-salud-la-inclusion-social\/","title":{"rendered":"Se lanz\u00f3 en Hurlingham el Foro Popular de Salud por la Inclusi\u00f3n Social"},"content":{"rendered":"<p>Junto a numerosos funcionarios nacionales y provinciales, el intendente de Hurlingham, Juan Zabaleta, lanz\u00f3 el Foro Popular de Salud por la Inclusi\u00f3n Social.<\/p>\n<p>El intendente de Hurlingham, Juan Zabaleta, encabez\u00f3 el lanzamiento del \u00a0Foro Popular de Salud por la Inclusi\u00f3n Social, en la sede de la Universidad Nacional de Hurlingham,\u00a0 junto al ex ministro de Salud de la Naci\u00f3n, Gin\u00e9s Gonz\u00e1les Garc\u00eda; el ex ministro de salud de la provincia, Alejandro Collia, la diputada nacional Cristina \u00c1lvarez Rodr\u00edguez; \u00a0el jefe comunal de Ituzaing\u00f3, Alberto Descalzo; el \u00a0rector de la casa de altos estudios de Hurlingham, Jaime Perczyk; el vicerrector de la Universidad Nacional Arturo Jauretche, Arnaldo Medina y legisladores nacionales y provinciales.<\/p>\n<p>En di\u00e1logo con los medios Juan Zabaleta puntualizo que\u00a0 \u00bb los Intendentes del peronismo nos ponemos al frente de las pol\u00edticas sanitarias y de las necesidades de los que menos tienen; si la salud no est\u00e1 incluida en un modelo de desarrollo pol\u00edtico y econ\u00f3mico entonces las cosas no van a funcionar\u00bb.<\/p>\n<p>En ese sentido subray\u00f3 que \u00ablos Intendentes trabajamos en red para que haya prevenci\u00f3n en materia de salud. Hay que generar pol\u00edticas de inclusi\u00f3n que otorguen derechos y la salud p\u00fablica es inclusi\u00f3n y m\u00e1s derechos. Por eso vamos a llevar estas propuestas al Congreso de la Naci\u00f3n y vamos a proponer una ley de salud p\u00fablica que atienda a los cuarenta millones de argentinos\u00bb agreg\u00f3 el jefe comunal.<\/p>\n<p>Por su parte, el ex ministro Gin\u00e9s Gonz\u00e1lez Garc\u00eda agradeci\u00f3 la iniciativa de Zabaleta y afirm\u00f3: \u201ctenemos que estar juntos y producir ideas nuevas. Estamos en una situaci\u00f3n dif\u00edcil y desde la oposici\u00f3n buscamos soluciones. En ese sentido agreg\u00f3: \u201cLa realidad marca que se ha reducido el presupuesto en salud y los intendentes est\u00e1n muy solos. Hay que tratar de generar ideas para que superemos esta situaci\u00f3n\u201d.<\/p>\n<p>Gin\u00e9s expres\u00f3 tambi\u00e9n que la atenci\u00f3n primaria es fundamental\u00a0 en salud y agreg\u00f3: \u201cpor eso en nuestra gesti\u00f3n ten\u00edamos, entre muchos otros, el programa REMEDIAR, donde el vecino se atend\u00eda y sal\u00eda de la consulta con su medicamento, pero hoy estos programas est\u00e1n disminuidos\u201d.<\/p>\n<p>Por su parte, el Rector de la Universidad de Hurlingham, Jaime Perczyk, firm\u00f3 con el Intendente de Ituzaing\u00f3,\u00a0 Alberto Descalz\u00f3, un convenio para facilitar el acceso de los estudiantes\u00a0 de ese distrito a la casa de altos estudios y ambos manifestaron que en la UNAHUR existen carreras afines a la salud comunitaria, que formaran profesionales comprometidos con la mejora de la calidad de vida de los vecinos.<\/p>\n<p>De la presentaci\u00f3n tambi\u00e9n participaron adem\u00e1s la senadora nacional Teresa Luna; los diputados nacionales Juan D\u00edaz Roig, Edgardo Depetri y Carlos Kunkel, la diputada provincial M\u00f3nica L\u00f3pez, el\u00a0consejero Titular en el Consejo de Administraci\u00f3n del hospital Garrahan, Oscar Trotta\u00a0y el secretario de salud de Hurlingham, Alberto Maceira, entre otros.<\/p>\n<h6>Fuente: InfoCielo<\/h6>\n","protected":false},"excerpt":{"rendered":"<p>Junto a numerosos funcionarios nacionales y provinciales, el intendente de Hurlingham, Juan Zabaleta, lanz\u00f3 el Foro Popular de Salud por la Inclusi\u00f3n Social.<\/p>\n","protected":false},"author":2,"featured_media":55887,"comment_status":"closed","ping_status":"closed","sticky":false,"template":"","format":"standard","meta":{"footnotes":""},"categories":[2],"tags":[12],"class_list":["post-55886","post","type-post","status-publish","format-standard","has-post-thumbnail","hentry","category-informe-municipal","tag-buenos-aires"],"_links":{"self":[{"href":"http:\/\/argentinamunicipal.com.ar\/argentina\/wp-json\/wp\/v2\/posts\/55886","targetHints":{"allow":["GET"]}}],"collection":[{"href":"http:\/\/argentinamunicipal.com.ar\/argentina\/wp-json\/wp\/v2\/posts"}],"about":[{"href":"http:\/\/argentinamunicipal.com.ar\/argentina\/wp-json\/wp\/v2\/types\/post"}],"author":[{"embeddable":true,"href":"http:\/\/argentinamunicipal.com.ar\/argentina\/wp-json\/wp\/v2\/users\/2"}],"replies":[{"embeddable":true,"href":"http:\/\/argentinamunicipal.com.ar\/argentina\/wp-json\/wp\/v2\/comments?post=55886"}],"version-history":[{"count":0,"href":"http:\/\/argentinamunicipal.com.ar\/argentina\/wp-json\/wp\/v2\/posts\/55886\/revisions"}],"wp:featuredmedia":[{"embeddable":true,"href":"http:\/\/argentinamunicipal.com.ar\/argentina\/wp-json\/wp\/v2\/media\/55887"}],"wp:attachment":[{"href":"http:\/\/argentinamunicipal.com.ar\/argentina\/wp-json\/wp\/v2\/media?parent=55886"}],"wp:term":[{"taxonomy":"category","embeddable":true,"href":"http:\/\/argentinamunicipal.com.ar\/argentina\/wp-json\/wp\/v2\/categories?post=55886"},{"taxonomy":"post_tag","embeddable":true,"href":"http:\/\/argentinamunicipal.com.ar\/argentina\/wp-json\/wp\/v2\/tags?post=55886"}],"curies":[{"name":"wp","href":"https:\/\/api.w.org\/{rel}","templated":true}]}}