{"id":55904,"date":"2016-11-14T07:28:33","date_gmt":"2016-11-14T10:28:33","guid":{"rendered":"http:\/\/argentinamunicipal.com.ar\/argentina\/?p=55904"},"modified":"2016-11-14T07:28:33","modified_gmt":"2016-11-14T10:28:33","slug":"gobierno-macri-va-costar-mucho-mas-la-supuesta-corrupcion-los-k","status":"publish","type":"post","link":"http:\/\/argentinamunicipal.com.ar\/argentina\/gobierno-macri-va-costar-mucho-mas-la-supuesta-corrupcion-los-k\/","title":{"rendered":"\u201cEl gobierno de Macri va a costar mucho m\u00e1s que la supuesta corrupci\u00f3n de los K\u201d"},"content":{"rendered":"<p>El reconocido fil\u00f3sofo y exfuncionario de la \u00faltima gesti\u00f3n de Cristina Kirchner cuestion\u00f3 duramente las medidas implementadas por Cambiemos. Asegur\u00f3 que hay una cacer\u00eda judicial contra la expresidenta<\/p>\n<p>El reconocido fil\u00f3sofo y ensayista Ricardo Forster, quien fue funcionario del \u00faltimo gobierno de Cristina Fern\u00e1ndez de Kirchner, estuvo ayer en R\u00edo Cuarto participando de la presentaci\u00f3n de un libro sobre Aric\u00f3 (ver aparte). En di\u00e1logo con PUNTAL, el pensador, uno de los fundadores de Carta Abierta, carg\u00f3 contra Macri, defendi\u00f3 los 12 a\u00f1os de kirchnerismo y se refiri\u00f3 a las denuncias de corrupci\u00f3n que pesan sobre algunos referentes de la gesti\u00f3n anterior.<\/p>\n<p>\u201cHay que analizar la problem\u00e1tica de la corrupci\u00f3n. Todo aquel que haya delinquido con recursos p\u00fablicos, utilizando un cargo para cobrar comisiones tiene que ir a la Justicia y, si se demuestra que efectivamente es responsable, debe ser condenado. La Justicia argentina se est\u00e1 ocupando de juzgar a los funcionarios corruptos (como el caso de Jos\u00e9 L\u00f3pez). De todas maneras, el gobierno de (Mauricio) Macri le va a costar, y le est\u00e1 costando, a la Argentina una cifra que no tiene ninguna comparaci\u00f3n con la corrupci\u00f3n que supuestamente sucedi\u00f3 en ciertos \u00e1mbitos de la obra p\u00fablica durante las gestiones de N\u00e9stor y Cristina. Las diferencias son decenas de miles de millones de d\u00f3lares con respecto a lo que se dice que es la corrupci\u00f3n kirchnerista que, por otro lado, hay que demostrar. Se habla del caso L\u00e1zaro B\u00e1ez, que est\u00e1 vinculado a Calcaterra, primo de Macri, pero en la lista de contratistas se ubica 40. Ning\u00fan periodista investig\u00f3 al resto\u201d, se\u00f1al\u00f3 Forster.<\/p>\n<p>-Esta semana se arm\u00f3 una gran pol\u00e9mica en torno a unas supuestas declaraciones de Esteche (l\u00edder de la agrupaci\u00f3n Quebracho), con respecto a que si Cristina va presa seguramente aparecer\u00e1 muerto alg\u00fan juez\u2026<\/p>\n<p>-Hay un problema en la comunicaci\u00f3n que tiene que ver con las ediciones y las frases que se sacan de contexto. Yo no escuch\u00e9 las declaraciones, no s\u00e9 si existieron. Adem\u00e1s, Esteche no represent\u00f3 ni representa a los 12 a\u00f1os de kirchnerismo. De todas formas, si dijo algo as\u00ed es absurdo, una locura que nadie puede reivindicar. Los argentinos tenemos que preservar algo que se gan\u00f3 en estos a\u00f1os y que tiene que ver con dirimir los conflictos en el marco de la ley, respetando la diversidad. No podemos pasar a fogonear el lenguaje de la violencia. Es fundamental que los actores sociales, econ\u00f3micos y pol\u00edticos acepten esas discrepancias.<\/p>\n<p>Paralelamente, Forster sostuvo que el Poder Judicial debe actuar con autonom\u00eda, pero advirti\u00f3 que \u201cexiste una serie de jueces que va detr\u00e1s de una cacer\u00eda sobre Cristina\u201d.<\/p>\n<p>\u201cPienso que las causas (contra la expresidenta) est\u00e1n sobrevaluadas; Cristina no va a ir presa. Tienen miedo porque todav\u00eda es una figura con una enorme popularidad. Es la \u00fanica opositora real al gobierno de Macri. Ojal\u00e1 que la pol\u00edtica se dirima en el debate p\u00fablico y no en una sede judicial porque eso le hace mal a la sociedad. Si los jueces son los que en \u00faltima instancia determinan nuestra calidad democr\u00e1tica, estamos embromados, sobre todo porque el Poder Judicial argentino necesita una reforma profunda, m\u00e1s all\u00e1 de la situaci\u00f3n de Cristina\u201d, afirm\u00f3.<\/p>\n<p><strong>A un mes del primer a\u00f1o<\/strong><\/p>\n<p>En otra parte de la entrevista con PUNTAL, Forster analiz\u00f3 los primeros 11 meses de gesti\u00f3n de Mauricio Macri y asegur\u00f3 que se est\u00e1 siguiendo un modelo de exclusi\u00f3n.<\/p>\n<p>\u201cPara sacar una conclusi\u00f3n de los \u00faltimos meses hay que evaluar las medidas que ha tomado y est\u00e1 tomando el Gobierno. Hay un claro beneficio a los sectores minoritarios, es decir, a los m\u00e1s ricos de la vida econ\u00f3mica de la Argentina. (El Presidente) no tom\u00f3 ninguna medida a favor de las clases medias y de los asalariados. Puso en riesgo a las pymes, abri\u00f3 las importaciones, redujo el poder adquisitivo de los salarios y ampli\u00f3 exponencialmente el costo de vida y la desocupaci\u00f3n. Adem\u00e1s, ha endeudado el pa\u00eds de manera dram\u00e1tica. En 10 meses multiplic\u00f3 varias veces la deuda externa. Cualquier an\u00e1lisis cauteloso plantea que el a\u00f1o que viene vamos a tener una deuda que oscilar\u00e1 entre los 150 mil y los 160 mil millones de d\u00f3lares. Todo marca que se apunta, una vez m\u00e1s, a la bicicleta financiera. Se est\u00e1 desinvirtiendo en ciencia y tecnolog\u00eda, lo que implica un dr\u00e1stico retroceso. No veo nada para ser optimista con respecto a un crecimiento econ\u00f3mico en la Argentina, ya que estamos en recesi\u00f3n y contin\u00faa la inflaci\u00f3n. Me pregunto d\u00f3nde est\u00e1 el proyecto de pobreza cero y de reducci\u00f3n del d\u00e9ficit fiscal\u201d, enumer\u00f3.<\/p>\n<p><strong>El paso del kirchnerismo<\/strong><\/p>\n<p>Por otra parte, Forster se refiri\u00f3 al pa\u00eds que dej\u00f3 el kirchnerismo tras 12 a\u00f1os ininterrumpidos en el poder. En ese sentido, el fil\u00f3sofo indic\u00f3 que hay que comparar el antes y el despu\u00e9s para hacer una evaluaci\u00f3n correcta.<br \/>\n\u201cN\u00e9stor recibi\u00f3 un pa\u00eds con una pobreza superior al 50%, con un 30% de indigencia y con casi un 25% de desocupaci\u00f3n. Si consideramos que hoy la pobreza est\u00e1 en el 30%, aunque siento que est\u00e1 sobrevaluada, quiere decir que el kirchnerismo la redujo casi a la mitad. Despu\u00e9s de 12 a\u00f1os de gesti\u00f3n, la desocupaci\u00f3n cay\u00f3 a alrededor del 7%. Adem\u00e1s, la industrializaci\u00f3n registr\u00f3 un importante crecimiento, a partir de la sustituci\u00f3n de las importaciones, lo que posibilit\u00f3 crear muchas fuentes de trabajo. A la vez, en los \u00faltimos 12 a\u00f1os aument\u00f3 la inversi\u00f3n en educaci\u00f3n, ciencia y tecnolog\u00eda y se repatriaron m\u00e1s de mil cient\u00edficos. Hubo una movilidad social ascendente, se reconstruy\u00f3 la vida institucional y se ampliaron significativamente los derechos. Por supuesto que hay muchas cosas que se podr\u00edan haber hecho mejor, como la redistribuci\u00f3n de la riqueza\u201d, consider\u00f3.<\/p>\n<p><strong>El triunfo de Trump<\/strong><\/p>\n<p>Por \u00faltimo, Forster opin\u00f3 sobre el triunfo de Donald Trump en las elecciones presidenciales de los Estados Unidos y asegur\u00f3 que no habr\u00e1 efectos significativos en la Argentina.<\/p>\n<p>\u201cLo m\u00e1s significativo es que Trump gan\u00f3 abultadamente en los estados del interior profundo de Norteam\u00e9rica. Est\u00e1 claro que el candidato republicano toc\u00f3 la fibra de un sector socialmente muy importante que hoy est\u00e1 pasando momentos dif\u00edciles por la p\u00e9rdida del poder adquisitivo de los salarios. Es una clase media baja que viene deterior\u00e1ndose en los \u00faltimos a\u00f1os. Sucede algo parecido en Francia, donde el cord\u00f3n industrial, que habitualmente votaba al partido comunista o al socialista, hoy se inclina por el Frente Nacional de Le Pen (extrema derecha)\u201d, dijo.<\/p>\n<p>Y agreg\u00f3: \u201cHist\u00f3ricamente, la balanza comercial de Argentina con los Estados Unidos no fue favorable para nuestro pa\u00eds porque ellos no necesitan la producci\u00f3n primaria que podemos ofrecer. Por lo tanto, si Trump avanza en pol\u00edticas proteccionistas como dijo en la campa\u00f1a, no va a representar un gran da\u00f1o econ\u00f3mico para la Argentina\u201d.<\/p>\n<h6>Fuente; Puntal<\/h6>\n","protected":false},"excerpt":{"rendered":"<p>El reconocido fil\u00f3sofo y exfuncionario de la \u00faltima gesti\u00f3n de Cristina Kirchner cuestion\u00f3 duramente las medidas implementadas por Cambiemos. Asegur\u00f3 que hay una cacer\u00eda judicial contra la expresidenta<\/p>\n","protected":false},"author":2,"featured_media":55905,"comment_status":"closed","ping_status":"closed","sticky":false,"template":"","format":"standard","meta":{"footnotes":""},"categories":[6],"tags":[21],"class_list":["post-55904","post","type-post","status-publish","format-standard","has-post-thumbnail","hentry","category-opiniones","tag-argentina"],"_links":{"self":[{"href":"http:\/\/argentinamunicipal.com.ar\/argentina\/wp-json\/wp\/v2\/posts\/55904","targetHints":{"allow":["GET"]}}],"collection":[{"href":"http:\/\/argentinamunicipal.com.ar\/argentina\/wp-json\/wp\/v2\/posts"}],"about":[{"href":"http:\/\/argentinamunicipal.com.ar\/argentina\/wp-json\/wp\/v2\/types\/post"}],"author":[{"embeddable":true,"href":"http:\/\/argentinamunicipal.com.ar\/argentina\/wp-json\/wp\/v2\/users\/2"}],"replies":[{"embeddable":true,"href":"http:\/\/argentinamunicipal.com.ar\/argentina\/wp-json\/wp\/v2\/comments?post=55904"}],"version-history":[{"count":0,"href":"http:\/\/argentinamunicipal.com.ar\/argentina\/wp-json\/wp\/v2\/posts\/55904\/revisions"}],"wp:featuredmedia":[{"embeddable":true,"href":"http:\/\/argentinamunicipal.com.ar\/argentina\/wp-json\/wp\/v2\/media\/55905"}],"wp:attachment":[{"href":"http:\/\/argentinamunicipal.com.ar\/argentina\/wp-json\/wp\/v2\/media?parent=55904"}],"wp:term":[{"taxonomy":"category","embeddable":true,"href":"http:\/\/argentinamunicipal.com.ar\/argentina\/wp-json\/wp\/v2\/categories?post=55904"},{"taxonomy":"post_tag","embeddable":true,"href":"http:\/\/argentinamunicipal.com.ar\/argentina\/wp-json\/wp\/v2\/tags?post=55904"}],"curies":[{"name":"wp","href":"https:\/\/api.w.org\/{rel}","templated":true}]}}