{"id":55907,"date":"2016-11-14T07:34:02","date_gmt":"2016-11-14T10:34:02","guid":{"rendered":"http:\/\/argentinamunicipal.com.ar\/argentina\/?p=55907"},"modified":"2016-11-14T07:34:02","modified_gmt":"2016-11-14T10:34:02","slug":"moyano-macri-no-encuentra-una-solucion-los-problemas-los-argentinos","status":"publish","type":"post","link":"http:\/\/argentinamunicipal.com.ar\/argentina\/moyano-macri-no-encuentra-una-solucion-los-problemas-los-argentinos\/","title":{"rendered":"Para Moyano, Macri \u00abno encuentra una soluci\u00f3n\u00bb a los problemas de los argentinos"},"content":{"rendered":"<p>El jefe del gremio de los camioneros, Hugo Moyano, advirti\u00f3 hoy que el gobierno nacional \u00abno encuentra una soluci\u00f3n adecuada\u00bb a problemas como la inflaci\u00f3n y respald\u00f3 a la conducci\u00f3n de la CGT.<\/p>\n<p>\u00abAl gobierno evidentemente le faltan algunas medidas. A nuestro entender, no encuentra una soluci\u00f3n adecuada\u00bb, respondi\u00f3 Moyano, al referirse a la marcha de la gesti\u00f3n de Mauricio Macri.<\/p>\n<p>En declaraciones a radio Mitre, agreg\u00f3: \u00abEllos (por los funcionarios del gobierno) dijeron que con aumentar los servicios iban a poder tener recaudaciones y controlar un poco la inflacion, y esto no lo han logrado\u00bb.<\/p>\n<p>\u00abQue hay despidos, hay despedidos. Que la actividad ha aflojado en muchos casos, como en la nuestra, tambien es cierto. Hay medidas que, a lo mejor ellos no han tenido la intenci\u00f3n como gobierno, afectan a toda la sociedad\u00bb, complet\u00f3 el ex jefe cegetista.<\/p>\n<p>Cuando se le pregunt\u00f3 por la cautela con que la act\u00faa la actual conducci\u00f3n de la CGT ante las pol\u00edticas del gobierno, respondi\u00f3: \u00abSi la CGT una toma medida, la empiezan acusar de que no dan tiempo, que (sus dirigentes) son antidemocr\u00e1ticos, si no la toman, la critican tambi\u00e9n\u00bb.<\/p>\n<p>Y, remarc\u00f3: \u00abYo creo que la CGT est\u00e1 actuando con absoluta responsabilidad. Los hombres que est\u00e1n al frente son muy capaces y tienen un grado intelectual muy importante. Ellos ven, no s\u00f3lamente tienen que hacer ese reclamo que realmente es necesario, sino qu\u00e9 piensa el conjunto de la sociedad\u00bb.<\/p>\n<p>\u00abNo creo que haya una animosidad como hab\u00eda en otros tiempos, con el gobierno. Hay bronca. S\u00ed hay bronca, que se est\u00e1 juntando, pero no la animosidad que exist\u00eda con el otro gobierno, porque esto es parte de la evolucion de la sociedad\u00bb, a\u00f1adi\u00f3.<\/p>\n<p>Moyano apunt\u00f3 que \u00abse ha elegido un gobierno, por lo tanto hay que respetar a la mayor\u00eda que lo ha elegido\u00bb.<\/p>\n<p>En alusi\u00f3n a sectores gremiales m\u00e1s cr\u00edticos con la actual gesti\u00f3n, arremeti\u00f3: \u00abLos que no hac\u00edan nada durante muchos a\u00f1os, ahora quieren hacer todo\u00bb.<\/p>\n<p>En otro orden de cosas, relativiz\u00f3 que si el presidente Macri pierde las elecciones de medio t\u00e9rmino puede ocurrir en el pa\u00eds un proceso similar al sucedido en 2001, seg\u00fan opiniones del ex mandatario Eduardo Duhalde, y apunt\u00f3:\u00bbNo s\u00e9 si es tan as\u00ed. Creo la gente ha evolucionado mucho\u00bb.<\/p>\n<p>Respecto de la situaci\u00f3n interna del PJ, indic\u00f3 que \u00ablamentablemene no se encuentra la conducci\u00f3n que pueda ordenar un poco al peronismo, porque est\u00e1 todo mezclado. Est\u00e1n los que estuvieron con el gobierno anterior que, a mi entender, tienem muy poco que ver con el peronismo, y los que quieren levantar la banderas del peronismo\u00bb.<\/p>\n<p>\u00abLos que nos llevaron a la perdida de la conduccion de pa\u00eds, no pueden aparecer ahora como los salvadores de las patria\u00bb, a\u00f1adi\u00f3 hoy seg\u00fan consign\u00f3 la agencia DyN.<\/p>\n<h6>Fuente: InfoCielo<\/h6>\n","protected":false},"excerpt":{"rendered":"<p>El jefe del gremio de los camioneros, Hugo Moyano, advirti\u00f3 hoy que el gobierno nacional \u00abno encuentra una soluci\u00f3n adecuada\u00bb a problemas como la inflaci\u00f3n y respald\u00f3 a la conducci\u00f3n de la CGT.<\/p>\n","protected":false},"author":2,"featured_media":55908,"comment_status":"closed","ping_status":"closed","sticky":false,"template":"","format":"standard","meta":{"footnotes":""},"categories":[8],"tags":[21],"class_list":["post-55907","post","type-post","status-publish","format-standard","has-post-thumbnail","hentry","category-informe-nacional","tag-argentina"],"_links":{"self":[{"href":"http:\/\/argentinamunicipal.com.ar\/argentina\/wp-json\/wp\/v2\/posts\/55907","targetHints":{"allow":["GET"]}}],"collection":[{"href":"http:\/\/argentinamunicipal.com.ar\/argentina\/wp-json\/wp\/v2\/posts"}],"about":[{"href":"http:\/\/argentinamunicipal.com.ar\/argentina\/wp-json\/wp\/v2\/types\/post"}],"author":[{"embeddable":true,"href":"http:\/\/argentinamunicipal.com.ar\/argentina\/wp-json\/wp\/v2\/users\/2"}],"replies":[{"embeddable":true,"href":"http:\/\/argentinamunicipal.com.ar\/argentina\/wp-json\/wp\/v2\/comments?post=55907"}],"version-history":[{"count":0,"href":"http:\/\/argentinamunicipal.com.ar\/argentina\/wp-json\/wp\/v2\/posts\/55907\/revisions"}],"wp:featuredmedia":[{"embeddable":true,"href":"http:\/\/argentinamunicipal.com.ar\/argentina\/wp-json\/wp\/v2\/media\/55908"}],"wp:attachment":[{"href":"http:\/\/argentinamunicipal.com.ar\/argentina\/wp-json\/wp\/v2\/media?parent=55907"}],"wp:term":[{"taxonomy":"category","embeddable":true,"href":"http:\/\/argentinamunicipal.com.ar\/argentina\/wp-json\/wp\/v2\/categories?post=55907"},{"taxonomy":"post_tag","embeddable":true,"href":"http:\/\/argentinamunicipal.com.ar\/argentina\/wp-json\/wp\/v2\/tags?post=55907"}],"curies":[{"name":"wp","href":"https:\/\/api.w.org\/{rel}","templated":true}]}}