{"id":55919,"date":"2016-11-14T08:08:31","date_gmt":"2016-11-14T11:08:31","guid":{"rendered":"http:\/\/argentinamunicipal.com.ar\/argentina\/?p=55919"},"modified":"2016-11-14T08:08:31","modified_gmt":"2016-11-14T11:08:31","slug":"la-mayoria-las-provincias-no-pagara-bono-fin-ano","status":"publish","type":"post","link":"http:\/\/argentinamunicipal.com.ar\/argentina\/la-mayoria-las-provincias-no-pagara-bono-fin-ano\/","title":{"rendered":"La mayor\u00eda de las provincias no pagar\u00e1 bono de fin de a\u00f1o"},"content":{"rendered":"<p>Desde el Ministerio del Interior precisaron que \u00abNaci\u00f3n tampoco tiene previsto ayudar financieramente a ninguna provincia\u00bb para que pueda cancelar este bono, aunque cada una tiene \u00ablibertad de acci\u00f3n\u00bb.<\/p>\n<p>Los gobiernos coinciden en que les resultar\u00e1 dif\u00edcil afrontar el pago, e incluso en aquellas gestiones en las cuales se mostr\u00f3 predisposici\u00f3n de abonar esta compensaci\u00f3n salarial, a\u00fan no se precisaron montos ni fechas para hacerla efectiva.<\/p>\n<p>Fuentes del Ministerio del Interior precisaron a T\u00e9lam que \u00abNaci\u00f3n tampoco tiene previsto ayudar financieramente a ninguna provincia\u00bb para que pueda cancelar este bono, aunque aseguran que cada provincia tiene \u00ablibertad de acci\u00f3n\u00bb para proceder en funci\u00f3n del estado de sus arcas.<\/p>\n<p>Por su parte, el ministro de Econom\u00eda de la Provincia de Buenos Aires, Hern\u00e1n Lacunza, explic\u00f3 semanas atr\u00e1s que \u00abun bono de mil pesos para 600.000 trabajadores significan 600 millones de pesos\u00bb y consider\u00f3 que otorgarlo ser\u00eda \u00abahondar un d\u00e9ficit que deber\u00e1n pagar los contribuyentes\u00bb.<\/p>\n<p>\u00abNosotros tenemos un d\u00e9ficit que se financia con deuda o impuestos. Para poder pagar ese bono deber\u00edamos sacar los recursos de otro lado: o endeudarnos o subir los impuestos. Este es el estr\u00e9s fiscal que tiene la Provincia\u00bb, afirm\u00f3 el funcionario.<\/p>\n<p>El mes pasado, la propia gobernadora bonaerense, Mar\u00eda Eugenia Vidal, descart\u00f3 la posibilidad, al asegurar que su administraci\u00f3n \u00abno tiene previsto en el presupuesto la plata para el bono\u00bb.<\/p>\n<p>\u00abSi podemos hacer un esfuerzo, lo vamos a hacer, pero nunca m\u00e1s quiero pasar lo de diciembre (pasado), cuando no ten\u00edamos plata para pagar los sueldos y el aguinaldo porque se prometi\u00f3 un aumento que se sab\u00eda que no se iba a poder pagar\u00bb, enfatiz\u00f3.<\/p>\n<p>En Entre R\u00edos, el gobernador, Gustavo Bordet, ya adelant\u00f3 hace una tiempo que la Provincia no est\u00e1 en condiciones de afrontar el pago de un bono.<\/p>\n<p>En el caso de Santa Fe, el gobernador Miguel Lifschitz adelant\u00f3 que no pagar\u00e1 el bono de fin de a\u00f1o \u00absalvo que Naci\u00f3n avance en un acuerdo con sus propios trabajadores p\u00fablicos y entonces condicionar\u00e1 de alguna forma a las provincias\u00bb.<\/p>\n<p>El mandatario mendocino Alfredo Cornejo reiter\u00f3 a la prensa local que la provincia \u00abno dar\u00e1 un bono de fin de a\u00f1o\u00bb, aunque admiti\u00f3 que la intenci\u00f3n del Ejecutivo provincial es \u00abdepositar una ayuda extra a los empleados para las fiestas\u00bb.<\/p>\n<p>\u00abSe avisar\u00e1 cuando est\u00e9 el dinero. Cuando tengamos la cuenta espec\u00edfica el Ministerio de Hacienda dar\u00e1 a conocer el modo de pago y los montos\u00bb, adelant\u00f3 Cornejo.<\/p>\n<p>Alberto Weretilneck, gobernador de R\u00edo Negro, tambi\u00e9n descart\u00f3 que se pueda otorgar un bono de fin de a\u00f1o como exigieron los gremios estatales a nivel nacional y pidi\u00f3 \u00abcomprensi\u00f3n\u00bb de los sindicatos provinciales y municipales.<\/p>\n<p>\u00abPedimos que nos entiendan. No hay mala voluntad ni animosidad hacia el trabajador p\u00fablico. Tenemos escasez de recursos y falta de fondos\u00bb, asegur\u00f3 Weretilneck.<\/p>\n<p>La gobernadora de Catamarca, Luc\u00eda Corpacci, anticip\u00f3 que \u00absin apoyo del Gobierno nacional\u00bb, la provincia no podr\u00e1 afrontar el pago de esa erogaci\u00f3n.<\/p>\n<p>En Jujuy, el ministro de Hacienda Carlos Sadir, remarc\u00f3 que \u00abno hay disponibilidad de recursos econ\u00f3micos\u00bb para abonar ese beneficio.<\/p>\n<p>El gobernador de Neuqu\u00e9n, Omar Guti\u00e9rrez, manifest\u00f3 en declaraciones a la prensa que \u00absi fuese ya fin de a\u00f1o, no tendr\u00edamos la disponibilidad econ\u00f3mica para pagar\u00bb el bono, aunque asever\u00f3 que el di\u00e1logo con los sectores gremiales \u00abes permanente\u00bb.<\/p>\n<p>En Salta, los gremiales estatales realizar\u00e1n una contrapropuesta al gobierno provincial en una reuni\u00f3n programada para ma\u00f1ana a la tarde, tras rechazar el ofrecimiento que la semana pasada hizo el jefe de Gabinete, Carlos Parodi, quien hab\u00eda propuesto otorgarles un bono de fin de a\u00f1o de 2.500 pesos, en dos cuotas.<\/p>\n<p>En Tucum\u00e1n, el titular del Ejecutivo, Juan Manzur, no descart\u00f3 la posibilidad de abonar un bono, pero hasta el momento no fij\u00f3 una posici\u00f3n definitiva sobre el tema y record\u00f3 que en setiembre el gobierno tucumano \u00abotorg\u00f3 750 pesos a los trabajadores del Estado\u00bb.<\/p>\n<p>El gobernador de San Luis, Alberto Rodr\u00edguez S\u00e1a, en cambio, ratific\u00f3 el pago de un bono de fin de a\u00f1o para la administraci\u00f3n p\u00fablica provincial, aunque a\u00fan no aclar\u00f3 el monto del mismo.<\/p>\n<p>La provincia de Misiones pagar\u00e1, entre el 18 y el 20 de diciembre pr\u00f3ximos, \u00abun bono totalmente independiente\u00bb de 1.850 pesos para activos y pasivos del estado provincial, que \u00abno ser\u00e1 tomado a cuenta de paritarias 2017\u00bb, seg\u00fan confirm\u00f3 el Ministro de Hacienda provincial, Adolfo Safr\u00e1n.<\/p>\n<p>Mientras que San Juan ya pag\u00f3 la primera de las cuatro cuotas del plus de fin de a\u00f1o y la semana que viene cancelar\u00e1 la segunda cuota de 1.400 pesos.<\/p>\n<p>En Chubut, la administraci\u00f3n p\u00fablica provincial dar\u00e1 una retribuci\u00f3n como adicional remunerativo y no bonificable, pactado con la Asociaci\u00f3n de Trabajadores del Estado (ATE) por fuera del aumento acordado en paritarias.<\/p>\n<p>En tanto que en la Municipalidad de Comodoro Rivadavia garantiz\u00f3 el pago de un \u00abbono de fin de a\u00f1o\u00bb seg\u00fan confirm\u00f3 su intendente, Carlos Linares, quien no brind\u00f3 precisiones sobre el monto, pero aclar\u00f3 que \u00abno ser\u00e1 inferior que el bono del a\u00f1o pasado, que super\u00f3 los 4.000 pesos, por lo que estimamos que ser\u00e1 de aproximadamente 5.000 pesos\u00bb.<\/p>\n<h6>Fuente: El Once<\/h6>\n","protected":false},"excerpt":{"rendered":"<p>Desde el Ministerio del Interior precisaron que \u00abNaci\u00f3n tampoco tiene previsto ayudar financieramente a ninguna provincia\u00bb para que pueda cancelar este bono, aunque cada una tiene \u00ablibertad de acci\u00f3n\u00bb.<\/p>\n","protected":false},"author":2,"featured_media":55920,"comment_status":"closed","ping_status":"closed","sticky":false,"template":"","format":"standard","meta":{"footnotes":""},"categories":[8],"tags":[21],"class_list":["post-55919","post","type-post","status-publish","format-standard","has-post-thumbnail","hentry","category-informe-nacional","tag-argentina"],"_links":{"self":[{"href":"http:\/\/argentinamunicipal.com.ar\/argentina\/wp-json\/wp\/v2\/posts\/55919","targetHints":{"allow":["GET"]}}],"collection":[{"href":"http:\/\/argentinamunicipal.com.ar\/argentina\/wp-json\/wp\/v2\/posts"}],"about":[{"href":"http:\/\/argentinamunicipal.com.ar\/argentina\/wp-json\/wp\/v2\/types\/post"}],"author":[{"embeddable":true,"href":"http:\/\/argentinamunicipal.com.ar\/argentina\/wp-json\/wp\/v2\/users\/2"}],"replies":[{"embeddable":true,"href":"http:\/\/argentinamunicipal.com.ar\/argentina\/wp-json\/wp\/v2\/comments?post=55919"}],"version-history":[{"count":0,"href":"http:\/\/argentinamunicipal.com.ar\/argentina\/wp-json\/wp\/v2\/posts\/55919\/revisions"}],"wp:featuredmedia":[{"embeddable":true,"href":"http:\/\/argentinamunicipal.com.ar\/argentina\/wp-json\/wp\/v2\/media\/55920"}],"wp:attachment":[{"href":"http:\/\/argentinamunicipal.com.ar\/argentina\/wp-json\/wp\/v2\/media?parent=55919"}],"wp:term":[{"taxonomy":"category","embeddable":true,"href":"http:\/\/argentinamunicipal.com.ar\/argentina\/wp-json\/wp\/v2\/categories?post=55919"},{"taxonomy":"post_tag","embeddable":true,"href":"http:\/\/argentinamunicipal.com.ar\/argentina\/wp-json\/wp\/v2\/tags?post=55919"}],"curies":[{"name":"wp","href":"https:\/\/api.w.org\/{rel}","templated":true}]}}